{"id":9555,"date":"2024-12-01T19:45:10","date_gmt":"2024-12-01T18:45:10","guid":{"rendered":"https:\/\/etrechyensembleetsolidaires.fr\/?p=9555"},"modified":"2025-10-03T19:11:20","modified_gmt":"2025-10-03T17:11:20","slug":"gros-succes-pour-la-sae-dans-sa-4eme-representation-de-lily-et-lily","status":"publish","type":"post","link":"https:\/\/etrechyensembleetsolidaires.fr\/index.php\/2024\/12\/01\/gros-succes-pour-la-sae-dans-sa-4eme-representation-de-lily-et-lily\/","title":{"rendered":"Gros succ\u00e8s pour la SAE dans sa 4\u00e8me repr\u00e9sentation de \u00ab\u00a0Lily et Lily\u00a0\u00bb"},"content":{"rendered":"\n<figure class=\"wp-block-gallery has-nested-images columns-default is-cropped wp-block-gallery-1 is-layout-flex wp-block-gallery-is-layout-flex\">\n<figure class=\"wp-block-image size-large\"><a href=\"https:\/\/etrechyensembleetsolidaires.fr\/wp-content\/uploads\/2024\/12\/IMG_6412-scaled.jpg\"><img loading=\"lazy\" decoding=\"async\" width=\"1024\" height=\"768\" data-id=\"9560\" src=\"https:\/\/etrechyensembleetsolidaires.fr\/wp-content\/uploads\/2024\/12\/IMG_6412-1024x768.jpg\" alt=\"\" class=\"wp-image-9560\" srcset=\"https:\/\/etrechyensembleetsolidaires.fr\/wp-content\/uploads\/2024\/12\/IMG_6412-1024x768.jpg 1024w, https:\/\/etrechyensembleetsolidaires.fr\/wp-content\/uploads\/2024\/12\/IMG_6412-300x225.jpg 300w, https:\/\/etrechyensembleetsolidaires.fr\/wp-content\/uploads\/2024\/12\/IMG_6412-768x576.jpg 768w, https:\/\/etrechyensembleetsolidaires.fr\/wp-content\/uploads\/2024\/12\/IMG_6412-1536x1152.jpg 1536w, https:\/\/etrechyensembleetsolidaires.fr\/wp-content\/uploads\/2024\/12\/IMG_6412-2048x1536.jpg 2048w\" sizes=\"auto, (max-width: 1024px) 100vw, 1024px\" \/><\/a><\/figure>\n\n\n\n<figure class=\"wp-block-image size-large\"><a href=\"https:\/\/etrechyensembleetsolidaires.fr\/wp-content\/uploads\/2024\/12\/IMG_6411-scaled.jpg\"><img loading=\"lazy\" decoding=\"async\" width=\"1024\" height=\"768\" data-id=\"9557\" src=\"https:\/\/etrechyensembleetsolidaires.fr\/wp-content\/uploads\/2024\/12\/IMG_6411-1024x768.jpg\" alt=\"\" class=\"wp-image-9557\" srcset=\"https:\/\/etrechyensembleetsolidaires.fr\/wp-content\/uploads\/2024\/12\/IMG_6411-1024x768.jpg 1024w, https:\/\/etrechyensembleetsolidaires.fr\/wp-content\/uploads\/2024\/12\/IMG_6411-300x225.jpg 300w, https:\/\/etrechyensembleetsolidaires.fr\/wp-content\/uploads\/2024\/12\/IMG_6411-768x576.jpg 768w, https:\/\/etrechyensembleetsolidaires.fr\/wp-content\/uploads\/2024\/12\/IMG_6411-1536x1152.jpg 1536w, https:\/\/etrechyensembleetsolidaires.fr\/wp-content\/uploads\/2024\/12\/IMG_6411-2048x1536.jpg 2048w\" sizes=\"auto, (max-width: 1024px) 100vw, 1024px\" \/><\/a><\/figure>\n<\/figure>\n\n\n\n<p><strong>Cette pi\u00e8ce \u00e9tait tr\u00e8s rythm\u00e9e et dynamique<\/strong>, les acteurs nous ont offert, par une ma\u00eetrise parfaite de leur texte, un agr\u00e9able moment de spectacle. <\/p>\n\n\n\n<p>Saluons dans cette pi\u00e8ce de Pierre Barillet et Jean-Pierre Gredy, une <strong>actrice \u00e9poustouflante, qui joue un double r\u00f4le : <\/strong> Lily et D\u00e9borah . Cette performance de l&rsquo;actrice a accompagn\u00e9 et rythm\u00e9 le jeu de tous les com\u00e9diens qui nous ont montr\u00e9 pour cette 4\u00e8me repr\u00e9sentation du grand th\u00e9\u00e2tre de boulevard.  <\/p>\n\n\n\n<p><strong>L&rsquo;utilisation de l&rsquo;espace sc\u00e9nique et des d\u00e9cors est remarquable<\/strong>, cela nous a permis de voir des d\u00e9placements fluides contribuant \u00e0 l&rsquo;immersion du public. La mise en sc\u00e8ne a vraiment cr\u00e9e l&rsquo;illusion de la pr\u00e9sence de deux personnages distincts.<\/p>\n\n\n\n<p><strong>La pi\u00e8ce \u00e9tait donc  pleine de surprises<\/strong> et l&rsquo;enthousiasme des acteurs \u00e9tait palpable. Ils nous ont transmis  leur plaisir de jouer.<\/p>\n\n\n\n<p>En r\u00e9sum\u00e9, \u00ab\u00a0Lily et Lily\u00a0\u00bb est une pi\u00e8ce de th\u00e9\u00e2tre captivante, port\u00e9e par cette belle troupe de la SAE et une mise en sc\u00e8ne dynamique de Nicole Dubois. Jacqueline Maillan n&rsquo;aurait certainement pas rougi de cette belle prestation.<\/p>\n\n\n\n<p>Bravo, les artistes&#8230;<\/p>\n\n\n<div class=\"wp-block-image\">\n<figure class=\"aligncenter size-large is-resized\"><img loading=\"lazy\" decoding=\"async\" width=\"815\" height=\"1024\" src=\"https:\/\/etrechyensembleetsolidaires.fr\/wp-content\/uploads\/2024\/12\/Capture-decran-2024-12-01-a-19.46.25-815x1024.png\" alt=\"\" class=\"wp-image-9563\" style=\"width:496px;height:auto\" srcset=\"https:\/\/etrechyensembleetsolidaires.fr\/wp-content\/uploads\/2024\/12\/Capture-decran-2024-12-01-a-19.46.25-815x1024.png 815w, https:\/\/etrechyensembleetsolidaires.fr\/wp-content\/uploads\/2024\/12\/Capture-decran-2024-12-01-a-19.46.25-239x300.png 239w, https:\/\/etrechyensembleetsolidaires.fr\/wp-content\/uploads\/2024\/12\/Capture-decran-2024-12-01-a-19.46.25-768x965.png 768w, https:\/\/etrechyensembleetsolidaires.fr\/wp-content\/uploads\/2024\/12\/Capture-decran-2024-12-01-a-19.46.25-1222x1536.png 1222w, https:\/\/etrechyensembleetsolidaires.fr\/wp-content\/uploads\/2024\/12\/Capture-decran-2024-12-01-a-19.46.25.png 1240w\" sizes=\"auto, (max-width: 815px) 100vw, 815px\" \/><\/figure><\/div>","protected":false},"excerpt":{"rendered":"<p>Cette pi\u00e8ce \u00e9tait tr\u00e8s rythm\u00e9e et dynamique, les acteurs nous ont offert, par une ma\u00eetrise parfaite de leur texte, un [&hellip;]<\/p>\n","protected":false},"author":4,"featured_media":9557,"comment_status":"open","ping_status":"open","sticky":false,"template":"","format":"standard","meta":{"footnotes":""},"categories":[17],"tags":[],"class_list":["post-9555","post","type-post","status-publish","format-standard","has-post-thumbnail","hentry","category-gastronomie-culture-et-patrimoine"],"_links":{"self":[{"href":"https:\/\/etrechyensembleetsolidaires.fr\/index.php\/wp-json\/wp\/v2\/posts\/9555","targetHints":{"allow":["GET"]}}],"collection":[{"href":"https:\/\/etrechyensembleetsolidaires.fr\/index.php\/wp-json\/wp\/v2\/posts"}],"about":[{"href":"https:\/\/etrechyensembleetsolidaires.fr\/index.php\/wp-json\/wp\/v2\/types\/post"}],"author":[{"embeddable":true,"href":"https:\/\/etrechyensembleetsolidaires.fr\/index.php\/wp-json\/wp\/v2\/users\/4"}],"replies":[{"embeddable":true,"href":"https:\/\/etrechyensembleetsolidaires.fr\/index.php\/wp-json\/wp\/v2\/comments?post=9555"}],"version-history":[{"count":7,"href":"https:\/\/etrechyensembleetsolidaires.fr\/index.php\/wp-json\/wp\/v2\/posts\/9555\/revisions"}],"predecessor-version":[{"id":9567,"href":"https:\/\/etrechyensembleetsolidaires.fr\/index.php\/wp-json\/wp\/v2\/posts\/9555\/revisions\/9567"}],"wp:featuredmedia":[{"embeddable":true,"href":"https:\/\/etrechyensembleetsolidaires.fr\/index.php\/wp-json\/wp\/v2\/media\/9557"}],"wp:attachment":[{"href":"https:\/\/etrechyensembleetsolidaires.fr\/index.php\/wp-json\/wp\/v2\/media?parent=9555"}],"wp:term":[{"taxonomy":"category","embeddable":true,"href":"https:\/\/etrechyensembleetsolidaires.fr\/index.php\/wp-json\/wp\/v2\/categories?post=9555"},{"taxonomy":"post_tag","embeddable":true,"href":"https:\/\/etrechyensembleetsolidaires.fr\/index.php\/wp-json\/wp\/v2\/tags?post=9555"}],"curies":[{"name":"wp","href":"https:\/\/api.w.org\/{rel}","templated":true}]}}