{"id":9534,"date":"2024-11-28T11:44:53","date_gmt":"2024-11-28T10:44:53","guid":{"rendered":"https:\/\/etrechyensembleetsolidaires.fr\/?p=9534"},"modified":"2025-10-03T19:11:31","modified_gmt":"2025-10-03T17:11:31","slug":"a-nous-la-bonne-soupe-a-villeconin","status":"publish","type":"post","link":"https:\/\/etrechyensembleetsolidaires.fr\/index.php\/2024\/11\/28\/a-nous-la-bonne-soupe-a-villeconin\/","title":{"rendered":"A nous la bonne soupe \u00e0 Villeconin !"},"content":{"rendered":"\n<p>Les troupes de th\u00e9\u00e2tre amateurs ne sont pas l\u00e9gion dans la r\u00e9gion. Aussi, quand une troupe se produit dans un de nos villages, il importe que nous nous y int\u00e9ressions. Nous avons pour habitude de vous relayer les productions, tr\u00e8s souvent originales, de la troupe du Belv\u00e9d\u00e8re de Chamarande ainsi que les adaptations de celles de la SAE (soci\u00e9t\u00e9 artistique d&rsquo;Etrechy) sur notre commune. Mais voici que depuis quelques semaines, une troupe pour le moins int\u00e9ressante, vient de se faire conna\u00eetre, son nom \u00ab\u00a0L&rsquo;Apart\u00e9\u00a0\u00bb. Elle y a pr\u00e9sent\u00e9, durant deux weekend, cette ann\u00e9e, une adaptation de \u00ab\u00a0la soupi\u00e8re\u00a0\u00bb, pi\u00e8ce de Robert Lamoureux. Et ici, le fruit du travail acharn\u00e9 de la metteuse en sc\u00e8ne Evelyne Bernardini. Ces repr\u00e9sentations, nous les devons \u00e0 l&rsquo;association 101Fluences qui a pour objectif d&rsquo;animer du lien social en servant l&rsquo;Art. Et c&rsquo;est r\u00e9ussi !<\/p>\n\n\n\n<figure class=\"wp-block-image size-large\"><img loading=\"lazy\" decoding=\"async\" width=\"710\" height=\"1024\" src=\"https:\/\/etrechyensembleetsolidaires.fr\/wp-content\/uploads\/2024\/11\/theatre-Villeconin_241124-710x1024.jpg\" alt=\"\" class=\"wp-image-9551\" srcset=\"https:\/\/etrechyensembleetsolidaires.fr\/wp-content\/uploads\/2024\/11\/theatre-Villeconin_241124-710x1024.jpg 710w, https:\/\/etrechyensembleetsolidaires.fr\/wp-content\/uploads\/2024\/11\/theatre-Villeconin_241124-208x300.jpg 208w, https:\/\/etrechyensembleetsolidaires.fr\/wp-content\/uploads\/2024\/11\/theatre-Villeconin_241124-768x1108.jpg 768w, https:\/\/etrechyensembleetsolidaires.fr\/wp-content\/uploads\/2024\/11\/theatre-Villeconin_241124.jpg 1024w\" sizes=\"auto, (max-width: 710px) 100vw, 710px\" \/><\/figure>\n\n\n\n<p>Dimanche 24 novembre, nous avons eu l&rsquo;opportunit\u00e9 et la chance de pouvoir assister \u00e0 une repr\u00e9sentation dans une salle digne des grands solistes d&rsquo;Etampes avec un public local tr\u00e8s investi. Nous y avons pass\u00e9 2 heures d\u00e9licieuses et gourmandes \u00e0 nous demander si \u00ab\u00a0la soupi\u00e8re\u00a0\u00bb allait casser. l&rsquo;objet finit bien en miettes alors que les intrigants de tous bords s&rsquo;unissent pour un final cocasse dans un concert d&rsquo;applaudissements.<\/p>\n\n\n\n<p>En un mot, Bravo \u00e0 nos voisins pour cette performance qu&rsquo;il est n\u00e9cessaire de r\u00e9it\u00e9rer afin de maintenir l&rsquo;expression artistique dans nos villages par les villageois eux-m\u00eames.<\/p>\n\n\n\n<figure class=\"wp-block-image size-large\"><img loading=\"lazy\" decoding=\"async\" width=\"1024\" height=\"768\" src=\"https:\/\/etrechyensembleetsolidaires.fr\/wp-content\/uploads\/2024\/11\/IMG-20241128-WA0004-1024x768.jpg\" alt=\"\" class=\"wp-image-9550\" srcset=\"https:\/\/etrechyensembleetsolidaires.fr\/wp-content\/uploads\/2024\/11\/IMG-20241128-WA0004-1024x768.jpg 1024w, https:\/\/etrechyensembleetsolidaires.fr\/wp-content\/uploads\/2024\/11\/IMG-20241128-WA0004-300x225.jpg 300w, https:\/\/etrechyensembleetsolidaires.fr\/wp-content\/uploads\/2024\/11\/IMG-20241128-WA0004-768x576.jpg 768w, https:\/\/etrechyensembleetsolidaires.fr\/wp-content\/uploads\/2024\/11\/IMG-20241128-WA0004-1536x1152.jpg 1536w, https:\/\/etrechyensembleetsolidaires.fr\/wp-content\/uploads\/2024\/11\/IMG-20241128-WA0004.jpg 2048w\" sizes=\"auto, (max-width: 1024px) 100vw, 1024px\" \/><\/figure>\n","protected":false},"excerpt":{"rendered":"<p>Les troupes de th\u00e9\u00e2tre amateurs ne sont pas l\u00e9gion dans la r\u00e9gion. Aussi, quand une troupe se produit dans un [&hellip;]<\/p>\n","protected":false},"author":4,"featured_media":9554,"comment_status":"open","ping_status":"open","sticky":false,"template":"","format":"standard","meta":{"footnotes":""},"categories":[17],"tags":[],"class_list":["post-9534","post","type-post","status-publish","format-standard","has-post-thumbnail","hentry","category-gastronomie-culture-et-patrimoine"],"_links":{"self":[{"href":"https:\/\/etrechyensembleetsolidaires.fr\/index.php\/wp-json\/wp\/v2\/posts\/9534","targetHints":{"allow":["GET"]}}],"collection":[{"href":"https:\/\/etrechyensembleetsolidaires.fr\/index.php\/wp-json\/wp\/v2\/posts"}],"about":[{"href":"https:\/\/etrechyensembleetsolidaires.fr\/index.php\/wp-json\/wp\/v2\/types\/post"}],"author":[{"embeddable":true,"href":"https:\/\/etrechyensembleetsolidaires.fr\/index.php\/wp-json\/wp\/v2\/users\/4"}],"replies":[{"embeddable":true,"href":"https:\/\/etrechyensembleetsolidaires.fr\/index.php\/wp-json\/wp\/v2\/comments?post=9534"}],"version-history":[{"count":4,"href":"https:\/\/etrechyensembleetsolidaires.fr\/index.php\/wp-json\/wp\/v2\/posts\/9534\/revisions"}],"predecessor-version":[{"id":9552,"href":"https:\/\/etrechyensembleetsolidaires.fr\/index.php\/wp-json\/wp\/v2\/posts\/9534\/revisions\/9552"}],"wp:featuredmedia":[{"embeddable":true,"href":"https:\/\/etrechyensembleetsolidaires.fr\/index.php\/wp-json\/wp\/v2\/media\/9554"}],"wp:attachment":[{"href":"https:\/\/etrechyensembleetsolidaires.fr\/index.php\/wp-json\/wp\/v2\/media?parent=9534"}],"wp:term":[{"taxonomy":"category","embeddable":true,"href":"https:\/\/etrechyensembleetsolidaires.fr\/index.php\/wp-json\/wp\/v2\/categories?post=9534"},{"taxonomy":"post_tag","embeddable":true,"href":"https:\/\/etrechyensembleetsolidaires.fr\/index.php\/wp-json\/wp\/v2\/tags?post=9534"}],"curies":[{"name":"wp","href":"https:\/\/api.w.org\/{rel}","templated":true}]}}