{"id":9377,"date":"2024-10-11T12:47:03","date_gmt":"2024-10-11T10:47:03","guid":{"rendered":"https:\/\/etrechyensembleetsolidaires.fr\/?p=9377"},"modified":"2024-11-15T10:28:45","modified_gmt":"2024-11-15T09:28:45","slug":"les-lutins-de-2024","status":"publish","type":"post","link":"https:\/\/etrechyensembleetsolidaires.fr\/index.php\/2024\/10\/11\/les-lutins-de-2024\/","title":{"rendered":"Les lutins de 2024"},"content":{"rendered":"\n<p>Rendez-vous, est donn\u00e9 \u00e0 partir de 10h sur la place de la mairie d\u2019Auvers-St-Georges qui ressemblera \u00e0 un village o\u00f9 tous les espaces seront occup\u00e9s pour faire de cette journ\u00e9e un moment magique. N\u2019oubliez pas votre portemonnaie pour pouvoir participer aux loteries et tombola, la totalit\u00e9 de ces gains revenant \u00e0 la caisse des \u00e9coles.\u00a0<br>Venez nombreux et f\u00eatons ensemble, avec quelques jours d\u2019avance, la journ\u00e9e internationale des droits de l\u2019enfant (mercredi 20 novembre).<br>Un grand MERCI \u00e0 toutes les lutines et tous les lutins pour leur pr\u00e9cieuse pr\u00e9sence.<\/p>\n\n\n\n<p>Cette ann\u00e9e, les Lutins ont imagin\u00e9 un\u00a0<strong>\u00ab R\u00e9pare-Joujoux \u00bb<\/strong>\u00a0pour les petits bouts de chou dont les jouets ont besoin d&rsquo;un coup de magie.<br>Enfants, parents, grands-parents, rejoignez-les dans l\u2019ancienne biblioth\u00e8que d&rsquo;Auvers-Saint-Georges le\u00a0<strong>dimanche 17 novembre, d\u00e8s<\/strong>\u00a0<strong>10h<\/strong>\u00a0et ils se feront une joie de vous aider \u00e0 les remettre sur pied.<br>Plongez dans l&rsquo;univers des Lutins Bricoleurs et pr\u00e9parez No\u00ebl avec des jouets pr\u00eats \u00e0 vivre de nouvelles aventures !\u00a0<\/p>\n\n\n\n<p>Les lutins vous attendront au centre-ville d\u2019Auvers Saint Georges, pour une quatri\u00e8me saison pleine de surprises. Grands-parents, parents et enfants, pensez d\u00e8s \u00e0 pr\u00e9sent \u00e0 r\u00e9server quelques instants de votre dimanche pour venir les voir et pr\u00e9parer avec eux les f\u00eates de fin d\u2019ann\u00e9e.<\/p>\n\n\n\n<p>Les lutins ne seront pas seuls. Pour vos emplettes, en plus des activit\u00e9s propos\u00e9es par les petites femmes et petits hommes verts, <strong>les artisans de la place group\u00e9s autour des sapins, vous proposeront jouets, cosm\u00e9tiques et savons solides, bijoux, c\u00e9ramique d\u00e9corative et fonctionnelle, objets faits mains ou \u00e0 petits prix, des fleurs, des \u00e9pices, des moutardes, des miels, des huiles et des tisanes originales.<\/strong> Vous y rencontrerez M\u00e8re et P\u00e8re No\u00ebl, jongleur et clown ainsi que Monsieur Baladin qui proposera des jeux aux enfants. Il y aura aussi loterie et tombola et donc la possibilit\u00e9 de gagner un petit lot pour les plus chanceux (pr\u00e9voir de l\u2019argent liquide pour jouer).<\/p>\n\n\n\n<p>Une buvette sera ouverte pour vous d\u00e9salt\u00e9rer et une formule repas sera propos\u00e9e avec des produits locaux et de saison. Vous pourrez vous r\u00e9chauffer en d\u00e9gustant un vin blanc chaud et en savourant une cr\u00eape confectionn\u00e9e avec savoir-faire.<\/p>\n\n\n\n<p>Venez nombreux vous pr\u00e9parer aux f\u00eates de fin d\u2019ann\u00e9e.<\/p>\n\n\n\n<p class=\"has-large-font-size\"><mark style=\"background-color:rgba(0, 0, 0, 0)\" class=\"has-inline-color has-luminous-vivid-orange-color\">Demandez le programme\u00a0!<\/mark><\/p>\n\n\n\n<p>Les lutins sont sortis du bois. Ils auront besoin de vous pour fabriquer guirlandes, d\u00e9corations florales, objets en bois et pour confectionner les friandises \u00e0 d\u00e9guster, ainsi que pour participer \u00e0 d\u2019autres activit\u00e9s surprises. L\u2019espace maquillage couvrira vos visages de paillettes. P\u00e8re et m\u00e8re No\u00ebl, quant \u00e0 eux, seront occup\u00e9s \u00e0 distribuer des gourmandises et \u00e0 raconter des histoires. Il se pourrait qu\u2019en cheminant dans les ateliers, les enfants rencontrent un jongleur et un clown. N\u2019oubliez pas d\u2019assister \u00e0 leur parade joyeuse.<\/p>\n\n\n\n<p>Tous vous attendront nombreux ce&nbsp;<strong>dimanche 17 novembre<\/strong>&nbsp;aux alentours de la mairie d\u2019Auvers-St-Georges.<\/p>\n\n\n\n<figure class=\"wp-block-gallery has-nested-images columns-default is-cropped wp-block-gallery-1 is-layout-flex wp-block-gallery-is-layout-flex\">\n<figure class=\"wp-block-image size-large\"><a href=\"https:\/\/etrechyensembleetsolidaires.fr\/wp-content\/uploads\/2024\/10\/Capture-decran-2024-10-24-a-18.23.27.png\"><img loading=\"lazy\" decoding=\"async\" width=\"725\" height=\"1024\" data-id=\"9412\" src=\"https:\/\/etrechyensembleetsolidaires.fr\/wp-content\/uploads\/2024\/10\/Capture-decran-2024-10-24-a-18.23.27-725x1024.png\" alt=\"\" class=\"wp-image-9412\" srcset=\"https:\/\/etrechyensembleetsolidaires.fr\/wp-content\/uploads\/2024\/10\/Capture-decran-2024-10-24-a-18.23.27-725x1024.png 725w, https:\/\/etrechyensembleetsolidaires.fr\/wp-content\/uploads\/2024\/10\/Capture-decran-2024-10-24-a-18.23.27-212x300.png 212w, https:\/\/etrechyensembleetsolidaires.fr\/wp-content\/uploads\/2024\/10\/Capture-decran-2024-10-24-a-18.23.27-768x1085.png 768w, https:\/\/etrechyensembleetsolidaires.fr\/wp-content\/uploads\/2024\/10\/Capture-decran-2024-10-24-a-18.23.27-1087x1536.png 1087w, https:\/\/etrechyensembleetsolidaires.fr\/wp-content\/uploads\/2024\/10\/Capture-decran-2024-10-24-a-18.23.27.png 1240w\" sizes=\"auto, (max-width: 725px) 100vw, 725px\" \/><\/a><\/figure>\n\n\n\n<figure class=\"wp-block-image size-large\"><a href=\"https:\/\/etrechyensembleetsolidaires.fr\/wp-content\/uploads\/2024\/10\/Capture-decran-2024-10-24-a-18.23.08.png\"><img loading=\"lazy\" decoding=\"async\" width=\"724\" height=\"1024\" data-id=\"9411\" src=\"https:\/\/etrechyensembleetsolidaires.fr\/wp-content\/uploads\/2024\/10\/Capture-decran-2024-10-24-a-18.23.08-724x1024.png\" alt=\"\" class=\"wp-image-9411\" srcset=\"https:\/\/etrechyensembleetsolidaires.fr\/wp-content\/uploads\/2024\/10\/Capture-decran-2024-10-24-a-18.23.08-724x1024.png 724w, https:\/\/etrechyensembleetsolidaires.fr\/wp-content\/uploads\/2024\/10\/Capture-decran-2024-10-24-a-18.23.08-212x300.png 212w, https:\/\/etrechyensembleetsolidaires.fr\/wp-content\/uploads\/2024\/10\/Capture-decran-2024-10-24-a-18.23.08-768x1087.png 768w, https:\/\/etrechyensembleetsolidaires.fr\/wp-content\/uploads\/2024\/10\/Capture-decran-2024-10-24-a-18.23.08-1085x1536.png 1085w, https:\/\/etrechyensembleetsolidaires.fr\/wp-content\/uploads\/2024\/10\/Capture-decran-2024-10-24-a-18.23.08.png 1238w\" sizes=\"auto, (max-width: 724px) 100vw, 724px\" \/><\/a><\/figure>\n<\/figure>\n","protected":false},"excerpt":{"rendered":"<p>Rendez-vous, est donn\u00e9 \u00e0 partir de 10h sur la place de la mairie d\u2019Auvers-St-Georges qui ressemblera \u00e0 un village o\u00f9 [&hellip;]<\/p>\n","protected":false},"author":6,"featured_media":9379,"comment_status":"open","ping_status":"open","sticky":false,"template":"","format":"standard","meta":{"footnotes":""},"categories":[3],"tags":[],"class_list":["post-9377","post","type-post","status-publish","format-standard","has-post-thumbnail","hentry","category-association"],"_links":{"self":[{"href":"https:\/\/etrechyensembleetsolidaires.fr\/index.php\/wp-json\/wp\/v2\/posts\/9377","targetHints":{"allow":["GET"]}}],"collection":[{"href":"https:\/\/etrechyensembleetsolidaires.fr\/index.php\/wp-json\/wp\/v2\/posts"}],"about":[{"href":"https:\/\/etrechyensembleetsolidaires.fr\/index.php\/wp-json\/wp\/v2\/types\/post"}],"author":[{"embeddable":true,"href":"https:\/\/etrechyensembleetsolidaires.fr\/index.php\/wp-json\/wp\/v2\/users\/6"}],"replies":[{"embeddable":true,"href":"https:\/\/etrechyensembleetsolidaires.fr\/index.php\/wp-json\/wp\/v2\/comments?post=9377"}],"version-history":[{"count":5,"href":"https:\/\/etrechyensembleetsolidaires.fr\/index.php\/wp-json\/wp\/v2\/posts\/9377\/revisions"}],"predecessor-version":[{"id":9479,"href":"https:\/\/etrechyensembleetsolidaires.fr\/index.php\/wp-json\/wp\/v2\/posts\/9377\/revisions\/9479"}],"wp:featuredmedia":[{"embeddable":true,"href":"https:\/\/etrechyensembleetsolidaires.fr\/index.php\/wp-json\/wp\/v2\/media\/9379"}],"wp:attachment":[{"href":"https:\/\/etrechyensembleetsolidaires.fr\/index.php\/wp-json\/wp\/v2\/media?parent=9377"}],"wp:term":[{"taxonomy":"category","embeddable":true,"href":"https:\/\/etrechyensembleetsolidaires.fr\/index.php\/wp-json\/wp\/v2\/categories?post=9377"},{"taxonomy":"post_tag","embeddable":true,"href":"https:\/\/etrechyensembleetsolidaires.fr\/index.php\/wp-json\/wp\/v2\/tags?post=9377"}],"curies":[{"name":"wp","href":"https:\/\/api.w.org\/{rel}","templated":true}]}}