{"id":9250,"date":"2024-09-26T14:24:22","date_gmt":"2024-09-26T12:24:22","guid":{"rendered":"https:\/\/etrechyensembleetsolidaires.fr\/?p=9250"},"modified":"2025-10-03T19:12:43","modified_gmt":"2025-10-03T17:12:43","slug":"essonne-verte","status":"publish","type":"post","link":"https:\/\/etrechyensembleetsolidaires.fr\/index.php\/2024\/09\/26\/essonne-verte\/","title":{"rendered":"Essonne Verte &#8230;."},"content":{"rendered":"\n<p>Et Essonne Propre ne l&rsquo;oublions pas. Cet \u00e9v\u00e8nement dont l&rsquo;acronyme est EVEP continue son bonhomme de chemin. <br>Cette ann\u00e9e, deux nouveaut\u00e9s :<\/p>\n\n\n\n<ul class=\"wp-block-list\">\n<li>faire participer 3 Communes (Auvers st georges, Villeneuve sur Auvers et Etr\u00e9chy)<\/li>\n\n\n\n<li>ramasser des d\u00e9chets en ayant en t\u00eate le th\u00e8me des contrastes <\/li>\n<\/ul>\n\n\n<div class=\"wp-block-image\">\n<figure class=\"aligncenter size-large is-resized\"><img loading=\"lazy\" decoding=\"async\" width=\"1024\" height=\"768\" src=\"https:\/\/etrechyensembleetsolidaires.fr\/wp-content\/uploads\/2024\/09\/IMG_5564-1024x768.jpg\" alt=\"\" class=\"wp-image-9253\" style=\"width:504px;height:auto\" srcset=\"https:\/\/etrechyensembleetsolidaires.fr\/wp-content\/uploads\/2024\/09\/IMG_5564-1024x768.jpg 1024w, https:\/\/etrechyensembleetsolidaires.fr\/wp-content\/uploads\/2024\/09\/IMG_5564-300x225.jpg 300w, https:\/\/etrechyensembleetsolidaires.fr\/wp-content\/uploads\/2024\/09\/IMG_5564-768x576.jpg 768w, https:\/\/etrechyensembleetsolidaires.fr\/wp-content\/uploads\/2024\/09\/IMG_5564-1536x1152.jpg 1536w, https:\/\/etrechyensembleetsolidaires.fr\/wp-content\/uploads\/2024\/09\/IMG_5564-2048x1536.jpg 2048w\" sizes=\"auto, (max-width: 1024px) 100vw, 1024px\" \/><\/figure><\/div>\n\n\n<p>Chaque groupe d\u00e9marrait dans sa Commune respective et faisait une boucle aux abords des villes voisines. Etr\u00e9chy Ensemble et Solidaires continuait de promouvoir l&rsquo;interg\u00e9n\u00e9rationnel avec des parents, des s\u00e9niors (parents eux aussi) et des enfants.  <\/p>\n\n\n<div class=\"wp-block-image\">\n<figure class=\"aligncenter size-large is-resized\"><a href=\"https:\/\/etrechyensembleetsolidaires.fr\/wp-content\/uploads\/2024\/09\/IMG_5568-scaled.jpg\"><img loading=\"lazy\" decoding=\"async\" width=\"1024\" height=\"768\" src=\"https:\/\/etrechyensembleetsolidaires.fr\/wp-content\/uploads\/2024\/09\/IMG_5568-1024x768.jpg\" alt=\"\" class=\"wp-image-9252\" style=\"width:498px;height:auto\" srcset=\"https:\/\/etrechyensembleetsolidaires.fr\/wp-content\/uploads\/2024\/09\/IMG_5568-1024x768.jpg 1024w, https:\/\/etrechyensembleetsolidaires.fr\/wp-content\/uploads\/2024\/09\/IMG_5568-300x225.jpg 300w, https:\/\/etrechyensembleetsolidaires.fr\/wp-content\/uploads\/2024\/09\/IMG_5568-768x576.jpg 768w, https:\/\/etrechyensembleetsolidaires.fr\/wp-content\/uploads\/2024\/09\/IMG_5568-1536x1152.jpg 1536w, https:\/\/etrechyensembleetsolidaires.fr\/wp-content\/uploads\/2024\/09\/IMG_5568-2048x1536.jpg 2048w\" sizes=\"auto, (max-width: 1024px) 100vw, 1024px\" \/><\/a><\/figure><\/div>\n\n\n<p class=\"has-large-font-size\">Notion de contraste&#8230;<\/p>\n\n\n\n<p><br>Fanny expliquait cette notion de contraste qu&rsquo;il fallait avoir en t\u00eate lors de la balade\/ramassage. Exemple, ici au parc de la juine, si l&rsquo;on se rappelle le m\u00eame \u00e9v\u00e8nement l&rsquo;an pass\u00e9, les m\u00e9gots de cigarettes \u00e9taient vraiment tr\u00e8s nombreux. Si nous constations une am\u00e9lioration, par exemple, en refaisant l&rsquo;exercice, celle ci aurait \u00e9t\u00e9 sous forme de contraste. Effectivement cette ann\u00e9e les m\u00e9gots furent nettement moins nombreux (<a href=\"https:\/\/etrechyensembleetsolidaires.fr\/index.php\/2023\/09\/24\/evep-2023-un-focus-sur-la-pollution-du-megot\/\">cliquez ici SVP pour l article de l&rsquo;an pass\u00e9<\/a>), c&rsquo;est un vrai point positif. Sur la photo de gauche, ce qui \u00e9tait pr\u00e8s des bancs du parc de la Juine et \u00e0 droite le reste de la collecte compl\u00e8te des deux groupes . Nous \u00e9tions \u00e9quip\u00e9s de nos fameuses pinces en bois mont\u00e9es ensemble l&rsquo;an pass\u00e9 pour ce sp\u00e9cial \u00ab\u00a0m\u00e9got\u00a0\u00bb<\/p>\n\n\n\n<figure class=\"wp-block-gallery has-nested-images columns-default is-cropped wp-block-gallery-1 is-layout-flex wp-block-gallery-is-layout-flex\">\n<figure class=\"wp-block-image size-large\"><img loading=\"lazy\" decoding=\"async\" width=\"768\" height=\"1024\" data-id=\"9257\" src=\"https:\/\/etrechyensembleetsolidaires.fr\/wp-content\/uploads\/2024\/09\/IMG_5581-768x1024.jpg\" alt=\"\" class=\"wp-image-9257\" srcset=\"https:\/\/etrechyensembleetsolidaires.fr\/wp-content\/uploads\/2024\/09\/IMG_5581-768x1024.jpg 768w, https:\/\/etrechyensembleetsolidaires.fr\/wp-content\/uploads\/2024\/09\/IMG_5581-225x300.jpg 225w, https:\/\/etrechyensembleetsolidaires.fr\/wp-content\/uploads\/2024\/09\/IMG_5581-1152x1536.jpg 1152w, https:\/\/etrechyensembleetsolidaires.fr\/wp-content\/uploads\/2024\/09\/IMG_5581-1536x2048.jpg 1536w, https:\/\/etrechyensembleetsolidaires.fr\/wp-content\/uploads\/2024\/09\/IMG_5581-scaled.jpg 1920w\" sizes=\"auto, (max-width: 768px) 100vw, 768px\" \/><\/figure>\n\n\n\n<figure class=\"wp-block-image size-large\"><img loading=\"lazy\" decoding=\"async\" width=\"768\" height=\"1024\" data-id=\"9258\" src=\"https:\/\/etrechyensembleetsolidaires.fr\/wp-content\/uploads\/2024\/09\/IMG_5588-768x1024.jpg\" alt=\"\" class=\"wp-image-9258\" srcset=\"https:\/\/etrechyensembleetsolidaires.fr\/wp-content\/uploads\/2024\/09\/IMG_5588-768x1024.jpg 768w, https:\/\/etrechyensembleetsolidaires.fr\/wp-content\/uploads\/2024\/09\/IMG_5588-225x300.jpg 225w, https:\/\/etrechyensembleetsolidaires.fr\/wp-content\/uploads\/2024\/09\/IMG_5588-1152x1536.jpg 1152w, https:\/\/etrechyensembleetsolidaires.fr\/wp-content\/uploads\/2024\/09\/IMG_5588-1536x2048.jpg 1536w, https:\/\/etrechyensembleetsolidaires.fr\/wp-content\/uploads\/2024\/09\/IMG_5588-scaled.jpg 1920w\" sizes=\"auto, (max-width: 768px) 100vw, 768px\" \/><\/figure>\n<\/figure>\n\n\n\n<p class=\"has-large-font-size\">D\u00e9part des deux groupes &#8230;<\/p>\n\n\n\n<p><br>Nous \u00e9tions 16, deux groupes furent form\u00e9s, les s\u00e9niors qui le souhaitaient \u00e9tant rest\u00e9s sur le point de d\u00e9part afin d&rsquo;accueillir les retardataires (il n&rsquo;y eu qu&rsquo;une personne en retard et qui put \u00eatre orient\u00e9e vers un des groupes). Le premier groupe avait pour parcours le parc de la juine d&rsquo;Etr\u00e9chy et devait rejoindre la Mairie d&rsquo;Auvers. Le second groupe est parti vers le Moulin de Vaux puis s&rsquo;est dirig\u00e9 vers la for\u00eat de la Barre en passant par un chemin parall\u00e8le et est revenu sur la route de Villeneuve sur Auvers.<\/p>\n\n\n<div class=\"wp-block-image\">\n<figure class=\"aligncenter size-large is-resized\"><img loading=\"lazy\" decoding=\"async\" width=\"1024\" height=\"576\" src=\"https:\/\/etrechyensembleetsolidaires.fr\/wp-content\/uploads\/2024\/09\/EVEP-2024-1-1024x576.jpg\" alt=\"\" class=\"wp-image-9255\" style=\"width:510px;height:auto\" srcset=\"https:\/\/etrechyensembleetsolidaires.fr\/wp-content\/uploads\/2024\/09\/EVEP-2024-1-1024x576.jpg 1024w, https:\/\/etrechyensembleetsolidaires.fr\/wp-content\/uploads\/2024\/09\/EVEP-2024-1-300x169.jpg 300w, https:\/\/etrechyensembleetsolidaires.fr\/wp-content\/uploads\/2024\/09\/EVEP-2024-1-768x432.jpg 768w, https:\/\/etrechyensembleetsolidaires.fr\/wp-content\/uploads\/2024\/09\/EVEP-2024-1-1536x864.jpg 1536w, https:\/\/etrechyensembleetsolidaires.fr\/wp-content\/uploads\/2024\/09\/EVEP-2024-1.jpg 1600w\" sizes=\"auto, (max-width: 1024px) 100vw, 1024px\" \/><\/figure><\/div>\n\n<div class=\"wp-block-image\">\n<figure class=\"aligncenter size-large is-resized\"><img loading=\"lazy\" decoding=\"async\" width=\"768\" height=\"1024\" src=\"https:\/\/etrechyensembleetsolidaires.fr\/wp-content\/uploads\/2024\/09\/IMG_5577-768x1024.jpg\" alt=\"\" class=\"wp-image-9262\" style=\"width:513px;height:auto\" srcset=\"https:\/\/etrechyensembleetsolidaires.fr\/wp-content\/uploads\/2024\/09\/IMG_5577-768x1024.jpg 768w, https:\/\/etrechyensembleetsolidaires.fr\/wp-content\/uploads\/2024\/09\/IMG_5577-225x300.jpg 225w, https:\/\/etrechyensembleetsolidaires.fr\/wp-content\/uploads\/2024\/09\/IMG_5577-1152x1536.jpg 1152w, https:\/\/etrechyensembleetsolidaires.fr\/wp-content\/uploads\/2024\/09\/IMG_5577-1536x2048.jpg 1536w, https:\/\/etrechyensembleetsolidaires.fr\/wp-content\/uploads\/2024\/09\/IMG_5577-scaled.jpg 1920w\" sizes=\"auto, (max-width: 768px) 100vw, 768px\" \/><\/figure><\/div>\n\n\n<p class=\"has-large-font-size\">Du patrimoine on en parle aussi &#8230;<\/p>\n\n\n\n<p>Les jeunes furent principalement captiv\u00e9s par les explications sur le Moulin de Vaux. Nous en avons profit\u00e9 pour donner quelques explications sur la technique d&rsquo;assemblage des pierres qui composent le pont proche du moulin.  La juine a fini de s\u00e9duire le groupe. Les sacs bien trop charg\u00e9s de d\u00e9chets ont d\u00fb \u00eatre laiss\u00e9s sur la route.<\/p>\n\n\n\n<figure class=\"wp-block-gallery has-nested-images columns-default is-cropped wp-block-gallery-2 is-layout-flex wp-block-gallery-is-layout-flex\">\n<figure class=\"wp-block-image size-large\"><img loading=\"lazy\" decoding=\"async\" width=\"1024\" height=\"768\" data-id=\"9256\" src=\"https:\/\/etrechyensembleetsolidaires.fr\/wp-content\/uploads\/2024\/09\/IMG_5574-1024x768.jpg\" alt=\"\" class=\"wp-image-9256\" srcset=\"https:\/\/etrechyensembleetsolidaires.fr\/wp-content\/uploads\/2024\/09\/IMG_5574-1024x768.jpg 1024w, https:\/\/etrechyensembleetsolidaires.fr\/wp-content\/uploads\/2024\/09\/IMG_5574-300x225.jpg 300w, https:\/\/etrechyensembleetsolidaires.fr\/wp-content\/uploads\/2024\/09\/IMG_5574-768x576.jpg 768w, https:\/\/etrechyensembleetsolidaires.fr\/wp-content\/uploads\/2024\/09\/IMG_5574-1536x1152.jpg 1536w, https:\/\/etrechyensembleetsolidaires.fr\/wp-content\/uploads\/2024\/09\/IMG_5574-2048x1536.jpg 2048w\" sizes=\"auto, (max-width: 1024px) 100vw, 1024px\" \/><\/figure>\n\n\n\n<figure class=\"wp-block-image size-large\"><img loading=\"lazy\" decoding=\"async\" width=\"768\" height=\"1024\" data-id=\"9257\" src=\"https:\/\/etrechyensembleetsolidaires.fr\/wp-content\/uploads\/2024\/09\/IMG_5581-768x1024.jpg\" alt=\"\" class=\"wp-image-9257\" srcset=\"https:\/\/etrechyensembleetsolidaires.fr\/wp-content\/uploads\/2024\/09\/IMG_5581-768x1024.jpg 768w, https:\/\/etrechyensembleetsolidaires.fr\/wp-content\/uploads\/2024\/09\/IMG_5581-225x300.jpg 225w, https:\/\/etrechyensembleetsolidaires.fr\/wp-content\/uploads\/2024\/09\/IMG_5581-1152x1536.jpg 1152w, https:\/\/etrechyensembleetsolidaires.fr\/wp-content\/uploads\/2024\/09\/IMG_5581-1536x2048.jpg 1536w, https:\/\/etrechyensembleetsolidaires.fr\/wp-content\/uploads\/2024\/09\/IMG_5581-scaled.jpg 1920w\" sizes=\"auto, (max-width: 768px) 100vw, 768px\" \/><\/figure>\n\n\n\n<figure class=\"wp-block-image size-large\"><img loading=\"lazy\" decoding=\"async\" width=\"768\" height=\"1024\" data-id=\"9258\" src=\"https:\/\/etrechyensembleetsolidaires.fr\/wp-content\/uploads\/2024\/09\/IMG_5588-768x1024.jpg\" alt=\"\" class=\"wp-image-9258\" srcset=\"https:\/\/etrechyensembleetsolidaires.fr\/wp-content\/uploads\/2024\/09\/IMG_5588-768x1024.jpg 768w, https:\/\/etrechyensembleetsolidaires.fr\/wp-content\/uploads\/2024\/09\/IMG_5588-225x300.jpg 225w, https:\/\/etrechyensembleetsolidaires.fr\/wp-content\/uploads\/2024\/09\/IMG_5588-1152x1536.jpg 1152w, https:\/\/etrechyensembleetsolidaires.fr\/wp-content\/uploads\/2024\/09\/IMG_5588-1536x2048.jpg 1536w, https:\/\/etrechyensembleetsolidaires.fr\/wp-content\/uploads\/2024\/09\/IMG_5588-scaled.jpg 1920w\" sizes=\"auto, (max-width: 768px) 100vw, 768px\" \/><\/figure>\n\n\n\n<figure class=\"wp-block-image size-large\"><img loading=\"lazy\" decoding=\"async\" width=\"768\" height=\"1024\" data-id=\"9259\" src=\"https:\/\/etrechyensembleetsolidaires.fr\/wp-content\/uploads\/2024\/09\/IMG_5587-768x1024.jpg\" alt=\"\" class=\"wp-image-9259\" srcset=\"https:\/\/etrechyensembleetsolidaires.fr\/wp-content\/uploads\/2024\/09\/IMG_5587-768x1024.jpg 768w, https:\/\/etrechyensembleetsolidaires.fr\/wp-content\/uploads\/2024\/09\/IMG_5587-225x300.jpg 225w, https:\/\/etrechyensembleetsolidaires.fr\/wp-content\/uploads\/2024\/09\/IMG_5587-1152x1536.jpg 1152w, https:\/\/etrechyensembleetsolidaires.fr\/wp-content\/uploads\/2024\/09\/IMG_5587-1536x2048.jpg 1536w, https:\/\/etrechyensembleetsolidaires.fr\/wp-content\/uploads\/2024\/09\/IMG_5587-scaled.jpg 1920w\" sizes=\"auto, (max-width: 768px) 100vw, 768px\" \/><\/figure>\n<\/figure>\n\n\n\n<p class=\"has-medium-font-size\"><br><\/p>\n\n\n\n<p class=\"has-large-font-size\">Les contrastes quels \u00e9taient ils ?<\/p>\n\n\n\n<ul class=\"wp-block-list\">\n<li>sur les zones priv\u00e9es du Moulin de Vaux nous nous sommes rendus compte que la municipalit\u00e9 o\u00f9 est implant\u00e9 ce moulin est bien d\u00e9munie. Trop d&rsquo;incivilit\u00e9s (M\u00e9gots, canettes alu, verre&#8230;).  Nous avons vu beaucoup d&rsquo;\u00e9paves ce qui a surpris les enfants que la Mairie ne puisse pas les faire retirer. Il faut savoir que ces op\u00e9rations sont \u00e0 la charge des demandeurs (dixit quelques riverains). Pour cette zone priv\u00e9e, la municipalit\u00e9 concern\u00e9e ne peut rien faire d&rsquo;autre que signaler. Les riverains nous ont invit\u00e9s \u00e0 la discussion sur les possibilit\u00e9s qui pourraient \u00eatre mises en oeuvre pour am\u00e9liorer cette zone. cela fera l&rsquo;objet d&rsquo;un autre article.<\/li>\n\n\n\n<li>les parcs pr\u00e9sentant toujours le contraste de voir s&rsquo;accumuler les m\u00e9gots pr\u00e8s des bancs et vraiment peu sur les chemins alentours. Des cendriers proches des bancs (rappelez vous la pub de l&rsquo;Etat sur Soraya&#8230;) permettraient de les collecter afin que les m\u00e9gots ne souillent pas la terre (<a href=\"https:\/\/etrechyensembleetsolidaires.fr\/index.php\/2023\/09\/24\/evep-2023-un-focus-sur-la-pollution-du-megot\/\">voir les compos\u00e9s chimiques de ces m\u00e9gots<\/a> ).<\/li>\n\n\n\n<li>la for\u00eat et ses chemins d&rsquo;acc\u00e8s semblent \u00e9pargn\u00e9s par la pollution contrairement \u00e0 nos trottoirs <\/li>\n\n\n\n<li>Les abords des armoires \u00e9lectriques situ\u00e9es en dehors des villes (mais toute aussi importantes) sont parsem\u00e9s de mini-d\u00e9chets de c\u00e2blage, ce qui ne se voit pas en ville o\u00f9 les passages de pi\u00e9tons sont plus fr\u00e9quents<\/li>\n\n\n\n<li>M\u00eame si les hautes herbes favorisent la bio-diversit\u00e9, elles cachaient ce jour des d\u00e9chets en tous genres et de toutes tailles.<\/li>\n\n\n\n<li>le nombre de poubelles est sous dimensionn\u00e9 dans certains endroits de balade<\/li>\n<\/ul>\n\n\n\n<p><\/p>\n\n\n\n<p class=\"has-large-font-size\">Conclusion :<\/p>\n\n\n\n<p>Un endroit o\u00f9 se trouvent des d\u00e9chets est un endroit qui incite \u00e0 l&rsquo;accumulation, face \u00e0 cela il faut rester vigilants envers tout d\u00e9p\u00f4t sauvage et le signaler aux services municipaux. Le temps que mettent celle-ci \u00e0 agir (retrait, sanction..) est un indicateur \u00e0 proposer.<\/p>\n\n\n\n<p>Les zones priv\u00e9es sont tr\u00e8s souvent cl\u00f4tur\u00e9es, de ce fait , la gestion des d\u00e9chets leur incombe. Une zone priv\u00e9e non cl\u00f4tur\u00e9e, pose probl\u00e8me dans le cas d&rsquo;une pollution et des solutions doivent \u00eatre trouv\u00e9es par les r\u00e9sidants qu&rsquo;ils soient de passage (saisonniers) ou pas.<\/p>\n\n\n\n<p>Le but recherch\u00e9 par notre association avec cet \u00e9v\u00e8nement n&rsquo;est pas de nettoyer les villes et villages, car il incombe \u00e0 la municipalit\u00e9 de le faire, mais plut\u00f4t les abords des villes et villages qui sont souvent de la responsabilit\u00e9 du D\u00e9partement. Notre synth\u00e8se leur est syst\u00e9matiquement communiqu\u00e9e avec propositions \u00e0 l&rsquo;appui.<\/p>\n\n\n\n<p>La note tr\u00e8s positive pour conclure est que la quantit\u00e9 de d\u00e9chets diminue (rappelons nous les EVEP de 2016 \u00e0 2018) o\u00f9 des bennes enti\u00e8res \u00e9taient remplies. Le r\u00e9flexe de ne pas jeter au sol des d\u00e9chets semble porter ses fruits (dans nos villages proches). Celui du jet de m\u00e9got est toujours pr\u00e9sent et doit continuer \u00e0 nous mobiliser en terme de p\u00e9dagogie.  Esp\u00e9rons qu&rsquo;un jour il y ait plus de partenariat (en t\u00eate nous avons celui de starbuck pour les m\u00e9gots, \u00ab\u00a0tchao m\u00e9got\u00a0\u00bb ). Nous nous renseign\u00e9s aupr\u00e8s de cette start\u2019up et ce d\u00e9ploiement est possible dans le cadre d\u2019un partenariat avec la commune. Allons-y\u00a0!<\/p>\n","protected":false},"excerpt":{"rendered":"<p>Et Essonne Propre ne l&rsquo;oublions pas. Cet \u00e9v\u00e8nement dont l&rsquo;acronyme est EVEP continue son bonhomme de chemin. Cette ann\u00e9e, deux [&hellip;]<\/p>\n","protected":false},"author":2,"featured_media":9258,"comment_status":"open","ping_status":"open","sticky":false,"template":"","format":"standard","meta":{"footnotes":""},"categories":[16],"tags":[],"class_list":["post-9250","post","type-post","status-publish","format-standard","has-post-thumbnail","hentry","category-ecologie"],"_links":{"self":[{"href":"https:\/\/etrechyensembleetsolidaires.fr\/index.php\/wp-json\/wp\/v2\/posts\/9250","targetHints":{"allow":["GET"]}}],"collection":[{"href":"https:\/\/etrechyensembleetsolidaires.fr\/index.php\/wp-json\/wp\/v2\/posts"}],"about":[{"href":"https:\/\/etrechyensembleetsolidaires.fr\/index.php\/wp-json\/wp\/v2\/types\/post"}],"author":[{"embeddable":true,"href":"https:\/\/etrechyensembleetsolidaires.fr\/index.php\/wp-json\/wp\/v2\/users\/2"}],"replies":[{"embeddable":true,"href":"https:\/\/etrechyensembleetsolidaires.fr\/index.php\/wp-json\/wp\/v2\/comments?post=9250"}],"version-history":[{"count":17,"href":"https:\/\/etrechyensembleetsolidaires.fr\/index.php\/wp-json\/wp\/v2\/posts\/9250\/revisions"}],"predecessor-version":[{"id":9279,"href":"https:\/\/etrechyensembleetsolidaires.fr\/index.php\/wp-json\/wp\/v2\/posts\/9250\/revisions\/9279"}],"wp:featuredmedia":[{"embeddable":true,"href":"https:\/\/etrechyensembleetsolidaires.fr\/index.php\/wp-json\/wp\/v2\/media\/9258"}],"wp:attachment":[{"href":"https:\/\/etrechyensembleetsolidaires.fr\/index.php\/wp-json\/wp\/v2\/media?parent=9250"}],"wp:term":[{"taxonomy":"category","embeddable":true,"href":"https:\/\/etrechyensembleetsolidaires.fr\/index.php\/wp-json\/wp\/v2\/categories?post=9250"},{"taxonomy":"post_tag","embeddable":true,"href":"https:\/\/etrechyensembleetsolidaires.fr\/index.php\/wp-json\/wp\/v2\/tags?post=9250"}],"curies":[{"name":"wp","href":"https:\/\/api.w.org\/{rel}","templated":true}]}}