{"id":9237,"date":"2024-09-26T17:03:00","date_gmt":"2024-09-26T15:03:00","guid":{"rendered":"https:\/\/etrechyensembleetsolidaires.fr\/?p=9237"},"modified":"2025-10-03T19:12:30","modified_gmt":"2025-10-03T17:12:30","slug":"la-journee-du-patrimoine-nature","status":"publish","type":"post","link":"https:\/\/etrechyensembleetsolidaires.fr\/index.php\/2024\/09\/26\/la-journee-du-patrimoine-nature\/","title":{"rendered":"La journ\u00e9e du patrimoine \u00ab\u00a0nature\u00a0\u00bb"},"content":{"rendered":"\n<p>De nombreuses visites et activit\u00e9s ont \u00e9t\u00e9 propos\u00e9es au public pendant ce week-end du patrimoine. Il s\u2019agit souvent de d\u00e9couvrir un patrimoine proche mais visible seulement pendant deux jours<\/p>\n\n\n\n<p>A Lardy, l\u2019id\u00e9e originale fut d&rsquo;\u00e9voquer pour nous les richesses de la nature pour tenter de nous la faire re d\u00e9couvrir, re sentir et de nous r\u00e9concilier avec elle.<\/p>\n\n\n\n<p><strong>Au cours d\u2019une \u00ab\u00a0d\u00e9ambulation\u00a0\u00bb dans le parc de l\u2019h\u00f4tel de ville<\/strong>, accompagn\u00e9s par la pluie, nous avons suivi deux conteurs et une danseuse sous des arbres tr\u00e8s anciens, aux formes tortueuses, esth\u00e9tiques, et nous nous sommes laiss\u00e9s interpeler par leur voix discr\u00e8te et secr\u00e8te.<\/p>\n\n\n\n<p>La compagnie \u00ab<strong>un soir ailleurs<\/strong>\u00bb a su cr\u00e9er cette ambiance po\u00e9tique, feutr\u00e9e, dans laquelle, tous nos sens en \u00e9veil, nous avons v\u00e9rifi\u00e9 nos connaissances avec des devinettes ou des r\u00e9bus, nous avons accompagn\u00e9 les artistes, mais nous sommes devenus plus humbles devant tant de beaut\u00e9 et de majest\u00e9.<\/p>\n\n\n\n<p>La pluie, invit\u00e9e surprise, a ajout\u00e9 une ambiance zen, propice \u00e0 la m\u00e9ditation des quelques spectateurs pr\u00e9sents<\/p>\n\n\n<div class=\"wp-block-image\">\n<figure class=\"aligncenter size-large is-resized\"><a href=\"https:\/\/etrechyensembleetsolidaires.fr\/wp-content\/uploads\/2024\/09\/20240922_154413-scaled.jpg\"><img loading=\"lazy\" decoding=\"async\" width=\"768\" height=\"1024\" src=\"https:\/\/etrechyensembleetsolidaires.fr\/wp-content\/uploads\/2024\/09\/20240922_154413-768x1024.jpg\" alt=\"\" class=\"wp-image-9239\" style=\"width:415px;height:auto\" srcset=\"https:\/\/etrechyensembleetsolidaires.fr\/wp-content\/uploads\/2024\/09\/20240922_154413-768x1024.jpg 768w, https:\/\/etrechyensembleetsolidaires.fr\/wp-content\/uploads\/2024\/09\/20240922_154413-225x300.jpg 225w, https:\/\/etrechyensembleetsolidaires.fr\/wp-content\/uploads\/2024\/09\/20240922_154413-1152x1536.jpg 1152w, https:\/\/etrechyensembleetsolidaires.fr\/wp-content\/uploads\/2024\/09\/20240922_154413-1536x2048.jpg 1536w, https:\/\/etrechyensembleetsolidaires.fr\/wp-content\/uploads\/2024\/09\/20240922_154413-scaled.jpg 1920w\" sizes=\"auto, (max-width: 768px) 100vw, 768px\" \/><\/a><figcaption class=\"wp-element-caption\">notre guide vient de r\u00e9veiller un elfe transi<\/figcaption><\/figure><\/div>\n\n<div class=\"wp-block-image\">\n<figure class=\"aligncenter size-large is-resized\"><a href=\"https:\/\/etrechyensembleetsolidaires.fr\/wp-content\/uploads\/2024\/09\/20240922_154408-scaled.jpg\"><img loading=\"lazy\" decoding=\"async\" width=\"768\" height=\"1024\" src=\"https:\/\/etrechyensembleetsolidaires.fr\/wp-content\/uploads\/2024\/09\/20240922_154408-768x1024.jpg\" alt=\"\" class=\"wp-image-9240\" style=\"width:417px;height:auto\" srcset=\"https:\/\/etrechyensembleetsolidaires.fr\/wp-content\/uploads\/2024\/09\/20240922_154408-768x1024.jpg 768w, https:\/\/etrechyensembleetsolidaires.fr\/wp-content\/uploads\/2024\/09\/20240922_154408-225x300.jpg 225w, https:\/\/etrechyensembleetsolidaires.fr\/wp-content\/uploads\/2024\/09\/20240922_154408-1152x1536.jpg 1152w, https:\/\/etrechyensembleetsolidaires.fr\/wp-content\/uploads\/2024\/09\/20240922_154408-1536x2048.jpg 1536w, https:\/\/etrechyensembleetsolidaires.fr\/wp-content\/uploads\/2024\/09\/20240922_154408-scaled.jpg 1920w\" sizes=\"auto, (max-width: 768px) 100vw, 768px\" \/><\/a><figcaption class=\"wp-element-caption\">la beaut\u00e9 de la nature et le langage de l&rsquo;arbre traduit en langue des signes<\/figcaption><\/figure><\/div>\n\n<div class=\"wp-block-image\">\n<figure class=\"aligncenter size-large is-resized\"><a href=\"https:\/\/etrechyensembleetsolidaires.fr\/wp-content\/uploads\/2024\/09\/20240922_155920-scaled.jpg\"><img loading=\"lazy\" decoding=\"async\" width=\"768\" height=\"1024\" src=\"https:\/\/etrechyensembleetsolidaires.fr\/wp-content\/uploads\/2024\/09\/20240922_155920-768x1024.jpg\" alt=\"\" class=\"wp-image-9241\" style=\"width:416px;height:auto\" srcset=\"https:\/\/etrechyensembleetsolidaires.fr\/wp-content\/uploads\/2024\/09\/20240922_155920-768x1024.jpg 768w, https:\/\/etrechyensembleetsolidaires.fr\/wp-content\/uploads\/2024\/09\/20240922_155920-225x300.jpg 225w, https:\/\/etrechyensembleetsolidaires.fr\/wp-content\/uploads\/2024\/09\/20240922_155920-1152x1536.jpg 1152w, https:\/\/etrechyensembleetsolidaires.fr\/wp-content\/uploads\/2024\/09\/20240922_155920-1536x2048.jpg 1536w, https:\/\/etrechyensembleetsolidaires.fr\/wp-content\/uploads\/2024\/09\/20240922_155920-scaled.jpg 1920w\" sizes=\"auto, (max-width: 768px) 100vw, 768px\" \/><\/a><figcaption class=\"wp-element-caption\">danser nu-pied dans l&rsquo;herbe mouill\u00e9e au son lancinant d&rsquo;un tambour<\/figcaption><\/figure><\/div>\n\n<div class=\"wp-block-image\">\n<figure class=\"aligncenter size-large is-resized\"><a href=\"https:\/\/etrechyensembleetsolidaires.fr\/wp-content\/uploads\/2024\/09\/20240922_163045-scaled.jpg\"><img loading=\"lazy\" decoding=\"async\" width=\"768\" height=\"1024\" src=\"https:\/\/etrechyensembleetsolidaires.fr\/wp-content\/uploads\/2024\/09\/20240922_163045-768x1024.jpg\" alt=\"\" class=\"wp-image-9242\" style=\"width:407px;height:auto\" srcset=\"https:\/\/etrechyensembleetsolidaires.fr\/wp-content\/uploads\/2024\/09\/20240922_163045-768x1024.jpg 768w, https:\/\/etrechyensembleetsolidaires.fr\/wp-content\/uploads\/2024\/09\/20240922_163045-225x300.jpg 225w, https:\/\/etrechyensembleetsolidaires.fr\/wp-content\/uploads\/2024\/09\/20240922_163045-1152x1536.jpg 1152w, https:\/\/etrechyensembleetsolidaires.fr\/wp-content\/uploads\/2024\/09\/20240922_163045-1536x2048.jpg 1536w, https:\/\/etrechyensembleetsolidaires.fr\/wp-content\/uploads\/2024\/09\/20240922_163045-scaled.jpg 1920w\" sizes=\"auto, (max-width: 768px) 100vw, 768px\" \/><\/a><figcaption class=\"wp-element-caption\">et si, nous aussi, nous pouvions communiquer avec l&rsquo;arbre ?<\/figcaption><\/figure><\/div>","protected":false},"excerpt":{"rendered":"<p>De nombreuses visites et activit\u00e9s ont \u00e9t\u00e9 propos\u00e9es au public pendant ce week-end du patrimoine. Il s\u2019agit souvent de d\u00e9couvrir [&hellip;]<\/p>\n","protected":false},"author":7,"featured_media":9242,"comment_status":"open","ping_status":"open","sticky":false,"template":"","format":"standard","meta":{"footnotes":""},"categories":[17],"tags":[],"class_list":["post-9237","post","type-post","status-publish","format-standard","has-post-thumbnail","hentry","category-gastronomie-culture-et-patrimoine"],"_links":{"self":[{"href":"https:\/\/etrechyensembleetsolidaires.fr\/index.php\/wp-json\/wp\/v2\/posts\/9237","targetHints":{"allow":["GET"]}}],"collection":[{"href":"https:\/\/etrechyensembleetsolidaires.fr\/index.php\/wp-json\/wp\/v2\/posts"}],"about":[{"href":"https:\/\/etrechyensembleetsolidaires.fr\/index.php\/wp-json\/wp\/v2\/types\/post"}],"author":[{"embeddable":true,"href":"https:\/\/etrechyensembleetsolidaires.fr\/index.php\/wp-json\/wp\/v2\/users\/7"}],"replies":[{"embeddable":true,"href":"https:\/\/etrechyensembleetsolidaires.fr\/index.php\/wp-json\/wp\/v2\/comments?post=9237"}],"version-history":[{"count":6,"href":"https:\/\/etrechyensembleetsolidaires.fr\/index.php\/wp-json\/wp\/v2\/posts\/9237\/revisions"}],"predecessor-version":[{"id":9249,"href":"https:\/\/etrechyensembleetsolidaires.fr\/index.php\/wp-json\/wp\/v2\/posts\/9237\/revisions\/9249"}],"wp:featuredmedia":[{"embeddable":true,"href":"https:\/\/etrechyensembleetsolidaires.fr\/index.php\/wp-json\/wp\/v2\/media\/9242"}],"wp:attachment":[{"href":"https:\/\/etrechyensembleetsolidaires.fr\/index.php\/wp-json\/wp\/v2\/media?parent=9237"}],"wp:term":[{"taxonomy":"category","embeddable":true,"href":"https:\/\/etrechyensembleetsolidaires.fr\/index.php\/wp-json\/wp\/v2\/categories?post=9237"},{"taxonomy":"post_tag","embeddable":true,"href":"https:\/\/etrechyensembleetsolidaires.fr\/index.php\/wp-json\/wp\/v2\/tags?post=9237"}],"curies":[{"name":"wp","href":"https:\/\/api.w.org\/{rel}","templated":true}]}}