{"id":9168,"date":"2024-06-16T16:38:27","date_gmt":"2024-06-16T14:38:27","guid":{"rendered":"https:\/\/etrechyensembleetsolidaires.fr\/?p=9168"},"modified":"2024-09-12T16:39:58","modified_gmt":"2024-09-12T14:39:58","slug":"le-strepiniacom-n38","status":"publish","type":"post","link":"https:\/\/etrechyensembleetsolidaires.fr\/index.php\/2024\/06\/16\/le-strepiniacom-n38\/","title":{"rendered":"Le Str\u00e9pinia&rsquo;com N\u00b038"},"content":{"rendered":"\n<figure class=\"wp-block-image size-full is-resized\"><img loading=\"lazy\" decoding=\"async\" width=\"246\" height=\"264\" src=\"https:\/\/etrechyensembleetsolidaires.fr\/wp-content\/uploads\/2024\/09\/Capture-decran-2024-09-12-a-16.37.29.png\" alt=\"\" class=\"wp-image-9171\" style=\"width:195px;height:auto\"\/><\/figure>\n\n\n\n<p><strong>Etr\u00e9chy Ensemble et Solidaires<\/strong> est heureux de vous pr\u00e9senter sous forme \u00ab\u00a0d\u00e9mat\u00e9rialis\u00e9e\u00a0\u00bb le Str\u00e9pinia&rsquo;com N\u00b038 . Apr\u00e8s avoir \u00e9chang\u00e9 en gare  avec certains d&rsquo;entre vous, nous pouvons \u00eatre fiers du travail accompli. <\/p>\n\n\n\n<p><\/p>\n\n\n\n<div data-wp-interactive=\"core\/file\" class=\"wp-block-file\"><object data-wp-bind--hidden=\"!state.hasPdfPreview\" hidden class=\"wp-block-file__embed\" data=\"https:\/\/etrechyensembleetsolidaires.fr\/wp-content\/uploads\/2024\/09\/Gazette-N\u00b038-finale.pdf\" type=\"application\/pdf\" style=\"width:100%;height:600px\" aria-label=\"Contenu embarqu\u00e9 Gazette-N\u00b038-finale.\"><\/object><a id=\"wp-block-file--media-f5428817-afbe-4abe-a403-2b7c828cde8e\" href=\"https:\/\/etrechyensembleetsolidaires.fr\/wp-content\/uploads\/2024\/09\/Gazette-N\u00b038-finale.pdf\">Gazette-N\u00b038-finale<\/a><a href=\"https:\/\/etrechyensembleetsolidaires.fr\/wp-content\/uploads\/2024\/09\/Gazette-N\u00b038-finale.pdf\" class=\"wp-block-file__button wp-element-button\" download aria-describedby=\"wp-block-file--media-f5428817-afbe-4abe-a403-2b7c828cde8e\">T\u00e9l\u00e9charger<\/a><\/div>\n\n\n\n<p><\/p>\n","protected":false},"excerpt":{"rendered":"<p>Etr\u00e9chy Ensemble et Solidaires est heureux de vous pr\u00e9senter sous forme \u00ab\u00a0d\u00e9mat\u00e9rialis\u00e9e\u00a0\u00bb le Str\u00e9pinia&rsquo;com N\u00b038 . Apr\u00e8s avoir \u00e9chang\u00e9 en [&hellip;]<\/p>\n","protected":false},"author":6,"featured_media":9171,"comment_status":"open","ping_status":"closed","sticky":false,"template":"","format":"standard","meta":{"footnotes":""},"categories":[5],"tags":[],"class_list":["post-9168","post","type-post","status-publish","format-standard","has-post-thumbnail","hentry","category-publications"],"_links":{"self":[{"href":"https:\/\/etrechyensembleetsolidaires.fr\/index.php\/wp-json\/wp\/v2\/posts\/9168","targetHints":{"allow":["GET"]}}],"collection":[{"href":"https:\/\/etrechyensembleetsolidaires.fr\/index.php\/wp-json\/wp\/v2\/posts"}],"about":[{"href":"https:\/\/etrechyensembleetsolidaires.fr\/index.php\/wp-json\/wp\/v2\/types\/post"}],"author":[{"embeddable":true,"href":"https:\/\/etrechyensembleetsolidaires.fr\/index.php\/wp-json\/wp\/v2\/users\/6"}],"replies":[{"embeddable":true,"href":"https:\/\/etrechyensembleetsolidaires.fr\/index.php\/wp-json\/wp\/v2\/comments?post=9168"}],"version-history":[{"count":2,"href":"https:\/\/etrechyensembleetsolidaires.fr\/index.php\/wp-json\/wp\/v2\/posts\/9168\/revisions"}],"predecessor-version":[{"id":9172,"href":"https:\/\/etrechyensembleetsolidaires.fr\/index.php\/wp-json\/wp\/v2\/posts\/9168\/revisions\/9172"}],"wp:featuredmedia":[{"embeddable":true,"href":"https:\/\/etrechyensembleetsolidaires.fr\/index.php\/wp-json\/wp\/v2\/media\/9171"}],"wp:attachment":[{"href":"https:\/\/etrechyensembleetsolidaires.fr\/index.php\/wp-json\/wp\/v2\/media?parent=9168"}],"wp:term":[{"taxonomy":"category","embeddable":true,"href":"https:\/\/etrechyensembleetsolidaires.fr\/index.php\/wp-json\/wp\/v2\/categories?post=9168"},{"taxonomy":"post_tag","embeddable":true,"href":"https:\/\/etrechyensembleetsolidaires.fr\/index.php\/wp-json\/wp\/v2\/tags?post=9168"}],"curies":[{"name":"wp","href":"https:\/\/api.w.org\/{rel}","templated":true}]}}