{"id":9060,"date":"2024-08-02T19:19:00","date_gmt":"2024-08-02T17:19:00","guid":{"rendered":"https:\/\/etrechyensembleetsolidaires.fr\/?p=9060"},"modified":"2025-10-03T19:13:30","modified_gmt":"2025-10-03T17:13:30","slug":"respect","status":"publish","type":"post","link":"https:\/\/etrechyensembleetsolidaires.fr\/index.php\/2024\/08\/02\/respect\/","title":{"rendered":"Respect &#8230;"},"content":{"rendered":"\n<p>Que dire \u00e0 nos champions qui font briller leurs m\u00e9dailles devant nos yeux chaque jour, tout simplement RESPECT.<\/p>\n\n\n\n<p>Des m\u00e9dailles d&rsquo;or, d&rsquo;argent de bronze; que demander de plus pour nous rendre heureux en cette p\u00e9riode estivale.<\/p>\n\n\n\n<p>Entendre la Marseillaise pour nos h\u00e9ros lors des comm\u00e9morations et l&rsquo;entendre pour nos h\u00e9ros d&rsquo;aujourd&rsquo;hui aux jeux olympiques, c&rsquo;est tout simplement de la fiert\u00e9. Rien de d\u00e9plac\u00e9, que du bonheur.<\/p>\n\n\n\n<p>Revivons la m\u00e9daille de <strong>Teddy Riner<\/strong> avec quelques photos ci dessous. Et que vive la France et que brille la France de ces trois couleurs de m\u00e9dailles qui se m\u00e9langent aux trois couleurs de notre drapeau.<\/p>\n\n\n\n<p>Et bravo \u00e0 tous les champions avec ou sans m\u00e9daille<\/p>\n\n\n\n<figure class=\"wp-block-image size-large\"><img loading=\"lazy\" decoding=\"async\" width=\"1024\" height=\"636\" src=\"https:\/\/etrechyensembleetsolidaires.fr\/wp-content\/uploads\/2024\/08\/Capture-decran-2024-08-02-a-19.11.16-1024x636.png\" alt=\"\" class=\"wp-image-9061\" srcset=\"https:\/\/etrechyensembleetsolidaires.fr\/wp-content\/uploads\/2024\/08\/Capture-decran-2024-08-02-a-19.11.16-1024x636.png 1024w, https:\/\/etrechyensembleetsolidaires.fr\/wp-content\/uploads\/2024\/08\/Capture-decran-2024-08-02-a-19.11.16-300x186.png 300w, https:\/\/etrechyensembleetsolidaires.fr\/wp-content\/uploads\/2024\/08\/Capture-decran-2024-08-02-a-19.11.16-768x477.png 768w, https:\/\/etrechyensembleetsolidaires.fr\/wp-content\/uploads\/2024\/08\/Capture-decran-2024-08-02-a-19.11.16-1536x953.png 1536w, https:\/\/etrechyensembleetsolidaires.fr\/wp-content\/uploads\/2024\/08\/Capture-decran-2024-08-02-a-19.11.16.png 1724w\" sizes=\"auto, (max-width: 1024px) 100vw, 1024px\" \/><\/figure>\n\n\n\n<figure class=\"wp-block-gallery has-nested-images columns-default is-cropped wp-block-gallery-1 is-layout-flex wp-block-gallery-is-layout-flex\">\n<figure class=\"wp-block-image size-large\"><img loading=\"lazy\" decoding=\"async\" width=\"1024\" height=\"524\" data-id=\"9062\" src=\"https:\/\/etrechyensembleetsolidaires.fr\/wp-content\/uploads\/2024\/08\/Capture-decran-2024-08-02-a-19.10.12-1024x524.png\" alt=\"\" class=\"wp-image-9062\" srcset=\"https:\/\/etrechyensembleetsolidaires.fr\/wp-content\/uploads\/2024\/08\/Capture-decran-2024-08-02-a-19.10.12-1024x524.png 1024w, https:\/\/etrechyensembleetsolidaires.fr\/wp-content\/uploads\/2024\/08\/Capture-decran-2024-08-02-a-19.10.12-300x153.png 300w, https:\/\/etrechyensembleetsolidaires.fr\/wp-content\/uploads\/2024\/08\/Capture-decran-2024-08-02-a-19.10.12-768x393.png 768w, https:\/\/etrechyensembleetsolidaires.fr\/wp-content\/uploads\/2024\/08\/Capture-decran-2024-08-02-a-19.10.12-1536x786.png 1536w, https:\/\/etrechyensembleetsolidaires.fr\/wp-content\/uploads\/2024\/08\/Capture-decran-2024-08-02-a-19.10.12.png 1908w\" sizes=\"auto, (max-width: 1024px) 100vw, 1024px\" \/><\/figure>\n\n\n\n<figure class=\"wp-block-image size-large\"><img loading=\"lazy\" decoding=\"async\" width=\"1024\" height=\"604\" data-id=\"9063\" src=\"https:\/\/etrechyensembleetsolidaires.fr\/wp-content\/uploads\/2024\/08\/Capture-decran-2024-08-02-a-19.09.03-1024x604.png\" alt=\"\" class=\"wp-image-9063\" srcset=\"https:\/\/etrechyensembleetsolidaires.fr\/wp-content\/uploads\/2024\/08\/Capture-decran-2024-08-02-a-19.09.03-1024x604.png 1024w, https:\/\/etrechyensembleetsolidaires.fr\/wp-content\/uploads\/2024\/08\/Capture-decran-2024-08-02-a-19.09.03-300x177.png 300w, https:\/\/etrechyensembleetsolidaires.fr\/wp-content\/uploads\/2024\/08\/Capture-decran-2024-08-02-a-19.09.03-768x453.png 768w, https:\/\/etrechyensembleetsolidaires.fr\/wp-content\/uploads\/2024\/08\/Capture-decran-2024-08-02-a-19.09.03-1536x906.png 1536w, https:\/\/etrechyensembleetsolidaires.fr\/wp-content\/uploads\/2024\/08\/Capture-decran-2024-08-02-a-19.09.03.png 1776w\" sizes=\"auto, (max-width: 1024px) 100vw, 1024px\" \/><\/figure>\n<\/figure>\n\n\n\n<p>(photos prises sur France 2, que nous remercions pour la qualit\u00e9 des reportages)<\/p>\n\n\n\n<p>Et ce ph\u00e9nom\u00e8ne sportif <strong>Leon Marchand<\/strong> <\/p>\n\n\n\n<figure class=\"wp-block-image size-large\"><img loading=\"lazy\" decoding=\"async\" width=\"1024\" height=\"736\" src=\"https:\/\/etrechyensembleetsolidaires.fr\/wp-content\/uploads\/2024\/08\/Capture-decran-2024-08-02-a-21.14.53-1024x736.png\" alt=\"\" class=\"wp-image-9070\" srcset=\"https:\/\/etrechyensembleetsolidaires.fr\/wp-content\/uploads\/2024\/08\/Capture-decran-2024-08-02-a-21.14.53-1024x736.png 1024w, https:\/\/etrechyensembleetsolidaires.fr\/wp-content\/uploads\/2024\/08\/Capture-decran-2024-08-02-a-21.14.53-300x216.png 300w, https:\/\/etrechyensembleetsolidaires.fr\/wp-content\/uploads\/2024\/08\/Capture-decran-2024-08-02-a-21.14.53-768x552.png 768w, https:\/\/etrechyensembleetsolidaires.fr\/wp-content\/uploads\/2024\/08\/Capture-decran-2024-08-02-a-21.14.53-1536x1104.png 1536w, https:\/\/etrechyensembleetsolidaires.fr\/wp-content\/uploads\/2024\/08\/Capture-decran-2024-08-02-a-21.14.53.png 1964w\" sizes=\"auto, (max-width: 1024px) 100vw, 1024px\" \/><\/figure>\n\n\n\n<p>Et ce magnifique tripl\u00e9 en BMX de <strong>Joris Daudet<\/strong>, <strong>Sylvain Andr\u00e9<\/strong>, <strong>Romain Mahieu<\/strong><\/p>\n\n\n\n<figure class=\"wp-block-image size-large\"><img loading=\"lazy\" decoding=\"async\" width=\"1024\" height=\"768\" src=\"https:\/\/etrechyensembleetsolidaires.fr\/wp-content\/uploads\/2024\/08\/IMG_4865-1024x768.jpg\" alt=\"\" class=\"wp-image-9074\" srcset=\"https:\/\/etrechyensembleetsolidaires.fr\/wp-content\/uploads\/2024\/08\/IMG_4865-1024x768.jpg 1024w, https:\/\/etrechyensembleetsolidaires.fr\/wp-content\/uploads\/2024\/08\/IMG_4865-300x225.jpg 300w, https:\/\/etrechyensembleetsolidaires.fr\/wp-content\/uploads\/2024\/08\/IMG_4865-768x576.jpg 768w, https:\/\/etrechyensembleetsolidaires.fr\/wp-content\/uploads\/2024\/08\/IMG_4865-1536x1152.jpg 1536w, https:\/\/etrechyensembleetsolidaires.fr\/wp-content\/uploads\/2024\/08\/IMG_4865-2048x1536.jpg 2048w\" sizes=\"auto, (max-width: 1024px) 100vw, 1024px\" \/><\/figure>\n\n\n\n<p><em>Cet article est \u00e0 compl\u00e9ter de la photo de tous nos m\u00e9daill\u00e9s<\/em><\/p>\n","protected":false},"excerpt":{"rendered":"<p>Que dire \u00e0 nos champions qui font briller leurs m\u00e9dailles devant nos yeux chaque jour, tout simplement RESPECT. Des m\u00e9dailles [&hellip;]<\/p>\n","protected":false},"author":6,"featured_media":9061,"comment_status":"open","ping_status":"open","sticky":false,"template":"","format":"standard","meta":{"footnotes":""},"categories":[3],"tags":[],"class_list":["post-9060","post","type-post","status-publish","format-standard","has-post-thumbnail","hentry","category-association"],"_links":{"self":[{"href":"https:\/\/etrechyensembleetsolidaires.fr\/index.php\/wp-json\/wp\/v2\/posts\/9060","targetHints":{"allow":["GET"]}}],"collection":[{"href":"https:\/\/etrechyensembleetsolidaires.fr\/index.php\/wp-json\/wp\/v2\/posts"}],"about":[{"href":"https:\/\/etrechyensembleetsolidaires.fr\/index.php\/wp-json\/wp\/v2\/types\/post"}],"author":[{"embeddable":true,"href":"https:\/\/etrechyensembleetsolidaires.fr\/index.php\/wp-json\/wp\/v2\/users\/6"}],"replies":[{"embeddable":true,"href":"https:\/\/etrechyensembleetsolidaires.fr\/index.php\/wp-json\/wp\/v2\/comments?post=9060"}],"version-history":[{"count":8,"href":"https:\/\/etrechyensembleetsolidaires.fr\/index.php\/wp-json\/wp\/v2\/posts\/9060\/revisions"}],"predecessor-version":[{"id":9077,"href":"https:\/\/etrechyensembleetsolidaires.fr\/index.php\/wp-json\/wp\/v2\/posts\/9060\/revisions\/9077"}],"wp:featuredmedia":[{"embeddable":true,"href":"https:\/\/etrechyensembleetsolidaires.fr\/index.php\/wp-json\/wp\/v2\/media\/9061"}],"wp:attachment":[{"href":"https:\/\/etrechyensembleetsolidaires.fr\/index.php\/wp-json\/wp\/v2\/media?parent=9060"}],"wp:term":[{"taxonomy":"category","embeddable":true,"href":"https:\/\/etrechyensembleetsolidaires.fr\/index.php\/wp-json\/wp\/v2\/categories?post=9060"},{"taxonomy":"post_tag","embeddable":true,"href":"https:\/\/etrechyensembleetsolidaires.fr\/index.php\/wp-json\/wp\/v2\/tags?post=9060"}],"curies":[{"name":"wp","href":"https:\/\/api.w.org\/{rel}","templated":true}]}}