{"id":860,"date":"2020-05-06T23:36:03","date_gmt":"2020-05-06T21:36:03","guid":{"rendered":"https:\/\/etrechyensembleetsolidaires.fr\/?p=860"},"modified":"2020-05-07T16:01:34","modified_gmt":"2020-05-07T14:01:34","slug":"une-pensee-8-mai-1945","status":"publish","type":"post","link":"https:\/\/etrechyensembleetsolidaires.fr\/index.php\/2020\/05\/06\/une-pensee-8-mai-1945\/","title":{"rendered":"Une pens\u00e9e :    8 mai 1945"},"content":{"rendered":"\n<div class=\"wp-block-image is-style-rounded\"><figure class=\"aligncenter size-large\"><img loading=\"lazy\" decoding=\"async\" width=\"1024\" height=\"740\" src=\"https:\/\/etrechyensembleetsolidaires.fr\/wp-content\/uploads\/2020\/05\/Capture-d\u2019e\u0301cran-2020-05-04-a\u0300-09.56.47-1024x740.png\" alt=\"\" class=\"wp-image-897\" srcset=\"https:\/\/etrechyensembleetsolidaires.fr\/wp-content\/uploads\/2020\/05\/Capture-d\u2019e\u0301cran-2020-05-04-a\u0300-09.56.47-1024x740.png 1024w, https:\/\/etrechyensembleetsolidaires.fr\/wp-content\/uploads\/2020\/05\/Capture-d\u2019e\u0301cran-2020-05-04-a\u0300-09.56.47-300x217.png 300w, https:\/\/etrechyensembleetsolidaires.fr\/wp-content\/uploads\/2020\/05\/Capture-d\u2019e\u0301cran-2020-05-04-a\u0300-09.56.47-768x555.png 768w, https:\/\/etrechyensembleetsolidaires.fr\/wp-content\/uploads\/2020\/05\/Capture-d\u2019e\u0301cran-2020-05-04-a\u0300-09.56.47.png 1046w\" sizes=\"auto, (max-width: 1024px) 100vw, 1024px\" \/><\/figure><\/div>\n\n\n\n<p><span style=\"color:#6d4169\" class=\"has-inline-color\">En 2020, ce sera un 8 Mai tr\u00e8s particulier. Comm\u00e9morer c&rsquo;est c\u00e9l\u00e9brer par une c\u00e9r\u00e9monie le souvenir d&rsquo;un \u00e9v\u00e9nement important. Nous ne pourrons participer physiquement \u00e0 cette c\u00e9r\u00e9monie, nous ne pouvons que nous y associer par la pens\u00e9e. Mais rien ne nous emp\u00eache de placer notre drapeau national en signe de respect<\/span><\/p>\n\n\n\n<figure class=\"wp-block-image size-large\"><img loading=\"lazy\" decoding=\"async\" width=\"920\" height=\"1024\" src=\"https:\/\/etrechyensembleetsolidaires.fr\/wp-content\/uploads\/2020\/05\/Capture-d\u2019e\u0301cran-2020-05-06-a\u0300-23.31.34-920x1024.png\" alt=\"\" class=\"wp-image-980\" srcset=\"https:\/\/etrechyensembleetsolidaires.fr\/wp-content\/uploads\/2020\/05\/Capture-d\u2019e\u0301cran-2020-05-06-a\u0300-23.31.34-920x1024.png 920w, https:\/\/etrechyensembleetsolidaires.fr\/wp-content\/uploads\/2020\/05\/Capture-d\u2019e\u0301cran-2020-05-06-a\u0300-23.31.34-269x300.png 269w, https:\/\/etrechyensembleetsolidaires.fr\/wp-content\/uploads\/2020\/05\/Capture-d\u2019e\u0301cran-2020-05-06-a\u0300-23.31.34-768x855.png 768w, https:\/\/etrechyensembleetsolidaires.fr\/wp-content\/uploads\/2020\/05\/Capture-d\u2019e\u0301cran-2020-05-06-a\u0300-23.31.34.png 1324w\" sizes=\"auto, (max-width: 920px) 100vw, 920px\" \/><\/figure>\n\n\n\n<h2 class=\"wp-block-heading\"><span style=\"color:#6d4169\" class=\"has-inline-color\">Rappel de notre histoire : <br>Fin de la guerre dans toute l&rsquo;Europe<\/span><\/h2>\n\n\n\n<figure class=\"wp-block-table\"><table><tbody><tr><td>F\u00e9vrier 1945<\/td><td>Les alli\u00e9es arrivent en Allemagne.<\/td><\/tr><tr><td>30 avril 1945<\/td><td>Suicide d&rsquo;hitler.<\/td><\/tr><tr><td>2 mai 1945<\/td><td>Capitulation des troupes nazies<\/td><\/tr><tr><td>Du 6 au 7 mai<\/td><td>Capitulation sans condition de l\u2019Allemagne.<\/td><\/tr><tr><td>8 mai \u00e0 23h01<\/td><td>Cessation des hostilit\u00e9s, par un nouvel acte de capitulation. <br>La guerre prend officiellement fin sur le continent europ\u00e9en.<\/td><\/tr><\/tbody><\/table><\/figure>\n\n\n\n<h2 class=\"wp-block-heading\"><span style=\"color:#6d4169\" class=\"has-inline-color\">LE 8 MAI : <br>Une journ\u00e9e pas comme les autres<\/span><\/h2>\n\n\n\n<figure class=\"wp-block-table\"><table><tbody><tr><td>1946<\/td><td>Comm\u00e9moration de la victoire par une loi (condition : un dimanche. Plus tard la c\u00e9l\u00e9bration sera faite le premier dimanche suivant le 8 mai.<\/td><\/tr><tr><td>1953<\/td><td>Le 8 mai est d\u00e9clar\u00e9 jour f\u00e9ri\u00e9 \u00e0 la demande des anciens d\u00e9port\u00e9s et r\u00e9sistants.<\/td><\/tr><tr><td>1959<\/td><td>Choix du deuxi\u00e8me dimanche de mai.<\/td><\/tr><tr><td>1968<\/td><td>8 mai est une date de comm\u00e9moration (jour travaill\u00e9).<\/td><\/tr><tr><td>1975<\/td><td>Suppression de la comm\u00e9moration officielle par une journ\u00e9e de l\u2019Europe.<\/td><\/tr><tr><td>1981<\/td><td>le 8 mai redevient jour f\u00e9ri\u00e9, en m\u00e9moire de la fin de la Seconde Guerre mondiale et de ses combattants.<\/td><\/tr><\/tbody><\/table><\/figure>\n","protected":false},"excerpt":{"rendered":"<p>En 2020, ce sera un 8 Mai tr\u00e8s particulier. Comm\u00e9morer c&rsquo;est c\u00e9l\u00e9brer par une c\u00e9r\u00e9monie le souvenir d&rsquo;un \u00e9v\u00e9nement important. [&hellip;]<\/p>\n","protected":false},"author":4,"featured_media":897,"comment_status":"open","ping_status":"open","sticky":false,"template":"","format":"standard","meta":{"footnotes":""},"categories":[3],"tags":[],"class_list":["post-860","post","type-post","status-publish","format-standard","has-post-thumbnail","hentry","category-association"],"_links":{"self":[{"href":"https:\/\/etrechyensembleetsolidaires.fr\/index.php\/wp-json\/wp\/v2\/posts\/860","targetHints":{"allow":["GET"]}}],"collection":[{"href":"https:\/\/etrechyensembleetsolidaires.fr\/index.php\/wp-json\/wp\/v2\/posts"}],"about":[{"href":"https:\/\/etrechyensembleetsolidaires.fr\/index.php\/wp-json\/wp\/v2\/types\/post"}],"author":[{"embeddable":true,"href":"https:\/\/etrechyensembleetsolidaires.fr\/index.php\/wp-json\/wp\/v2\/users\/4"}],"replies":[{"embeddable":true,"href":"https:\/\/etrechyensembleetsolidaires.fr\/index.php\/wp-json\/wp\/v2\/comments?post=860"}],"version-history":[{"count":7,"href":"https:\/\/etrechyensembleetsolidaires.fr\/index.php\/wp-json\/wp\/v2\/posts\/860\/revisions"}],"predecessor-version":[{"id":985,"href":"https:\/\/etrechyensembleetsolidaires.fr\/index.php\/wp-json\/wp\/v2\/posts\/860\/revisions\/985"}],"wp:featuredmedia":[{"embeddable":true,"href":"https:\/\/etrechyensembleetsolidaires.fr\/index.php\/wp-json\/wp\/v2\/media\/897"}],"wp:attachment":[{"href":"https:\/\/etrechyensembleetsolidaires.fr\/index.php\/wp-json\/wp\/v2\/media?parent=860"}],"wp:term":[{"taxonomy":"category","embeddable":true,"href":"https:\/\/etrechyensembleetsolidaires.fr\/index.php\/wp-json\/wp\/v2\/categories?post=860"},{"taxonomy":"post_tag","embeddable":true,"href":"https:\/\/etrechyensembleetsolidaires.fr\/index.php\/wp-json\/wp\/v2\/tags?post=860"}],"curies":[{"name":"wp","href":"https:\/\/api.w.org\/{rel}","templated":true}]}}