{"id":8366,"date":"2024-04-04T18:14:57","date_gmt":"2024-04-04T16:14:57","guid":{"rendered":"https:\/\/etrechyensembleetsolidaires.fr\/?p=8366"},"modified":"2024-04-04T23:36:10","modified_gmt":"2024-04-04T21:36:10","slug":"promenons-nous-au-bord-de-la-juine","status":"publish","type":"post","link":"https:\/\/etrechyensembleetsolidaires.fr\/index.php\/2024\/04\/04\/promenons-nous-au-bord-de-la-juine\/","title":{"rendered":"Promenons nous au bord de la Juine"},"content":{"rendered":"\n<p>Certains habitants de la r\u00e9gion savent que la Juine prend sa source \u00e0 Autry. Elle longe le village de Juines d&rsquo;o\u00f9 elle tire son nom. Elle traverse 37 villes de l&rsquo;Essonne avant de se jeter dans la rivi\u00e8re Essonne \u00e0 Vert le Petit.                <\/p>\n\n\n\n<p>Dans le parc du ch\u00e2teau de Chamarande avec le caf\u00e9 Cham&rsquo; et \u00e0 Lardy, le Pr\u00e9sident de l&rsquo;association de p\u00eache a organis\u00e9 des visites d\u00e9couvertes de la rivi\u00e8re, des milieux humides o\u00f9 vivent des esp\u00e8ces v\u00e9g\u00e9tales et animales vari\u00e9es. Monsieur Didier R\u00e9my et ses coll\u00e8gues de l&rsquo;AAPPAM d\u00e9pendent de plusieurs minist\u00e8res surtout la p\u00eache et agriculture et l&rsquo;environnement. Ils surveillent et entretiennent les milieux. ( Association Agr\u00e9\u00e9e de P\u00eache et Protection du Milieu Aquatique)<\/p>\n\n\n<div class=\"wp-block-image\">\n<figure class=\"aligncenter size-full is-resized\"><a href=\"https:\/\/etrechyensembleetsolidaires.fr\/wp-content\/uploads\/2024\/04\/434206745_821321476690141_5776468673884643100_n.jpg\"><img loading=\"lazy\" decoding=\"async\" width=\"655\" height=\"655\" src=\"https:\/\/etrechyensembleetsolidaires.fr\/wp-content\/uploads\/2024\/04\/434206745_821321476690141_5776468673884643100_n.jpg\" alt=\"\" class=\"wp-image-8368\" style=\"width:492px;height:auto\" srcset=\"https:\/\/etrechyensembleetsolidaires.fr\/wp-content\/uploads\/2024\/04\/434206745_821321476690141_5776468673884643100_n.jpg 655w, https:\/\/etrechyensembleetsolidaires.fr\/wp-content\/uploads\/2024\/04\/434206745_821321476690141_5776468673884643100_n-300x300.jpg 300w, https:\/\/etrechyensembleetsolidaires.fr\/wp-content\/uploads\/2024\/04\/434206745_821321476690141_5776468673884643100_n-150x150.jpg 150w\" sizes=\"auto, (max-width: 655px) 100vw, 655px\" \/><\/a><\/figure><\/div>\n\n\n<p>Malheureusement \u00e0 plusieurs endroits la rivi\u00e8re est envahie par l&rsquo;hydrocotyle ou fausse renoncule qu&rsquo;il est difficile d&rsquo;\u00e9radiquer, car le moindre morceau se repique et prolif\u00e8re<\/p>\n\n\n<div class=\"wp-block-image\">\n<figure class=\"aligncenter size-full is-resized\"><a href=\"https:\/\/etrechyensembleetsolidaires.fr\/wp-content\/uploads\/2024\/04\/434350594_734092258836310_1906729550480533790_n-1.jpg\"><img loading=\"lazy\" decoding=\"async\" width=\"440\" height=\"925\" src=\"https:\/\/etrechyensembleetsolidaires.fr\/wp-content\/uploads\/2024\/04\/434350594_734092258836310_1906729550480533790_n-1.jpg\" alt=\"\" class=\"wp-image-8369\" style=\"width:372px;height:auto\" srcset=\"https:\/\/etrechyensembleetsolidaires.fr\/wp-content\/uploads\/2024\/04\/434350594_734092258836310_1906729550480533790_n-1.jpg 440w, https:\/\/etrechyensembleetsolidaires.fr\/wp-content\/uploads\/2024\/04\/434350594_734092258836310_1906729550480533790_n-1-143x300.jpg 143w\" sizes=\"auto, (max-width: 440px) 100vw, 440px\" \/><\/a><\/figure><\/div>\n\n\n<p>Nous avons pu voir une esp\u00e8ce rare de grenouille brune : les promeneurs peuvent aider les p\u00eacheurs \u00e0 recenser les esp\u00e8ces sur le domaine de Chamarande. Nous avons pu observer les \u00ab\u00a0zones humides\u00a0\u00bb sorte de transition entre les sols et la rivi\u00e8re : les plantes qui y habitent servent de filtres naturels quand elles sont envahies par une crue et l&rsquo;eau rejet\u00e9e \u00e0 la rivi\u00e8re est purifi\u00e9e. Dans certains cas elles donnent naissance \u00e0 des tourbi\u00e8res.<\/p>\n\n\n\n<p>De retour en salle, la pr\u00e9sentation de la maquette du parc du G\u00e2tinais nous a permis de comprendre ce qu&rsquo;il se passe en cas de crue dans le cas o\u00f9 il s&rsquo;agit d&rsquo;une simple zone humide ou si on y a construit un lotissement ou une usine de retraitement.<\/p>\n\n\n<div class=\"wp-block-image\">\n<figure class=\"aligncenter size-full is-resized\"><a href=\"https:\/\/etrechyensembleetsolidaires.fr\/wp-content\/uploads\/2024\/04\/433950848_334750102923977_4668156416702498262_n.jpg\"><img loading=\"lazy\" decoding=\"async\" width=\"655\" height=\"435\" src=\"https:\/\/etrechyensembleetsolidaires.fr\/wp-content\/uploads\/2024\/04\/433950848_334750102923977_4668156416702498262_n.jpg\" alt=\"\" class=\"wp-image-8370\" style=\"width:638px;height:auto\" srcset=\"https:\/\/etrechyensembleetsolidaires.fr\/wp-content\/uploads\/2024\/04\/433950848_334750102923977_4668156416702498262_n.jpg 655w, https:\/\/etrechyensembleetsolidaires.fr\/wp-content\/uploads\/2024\/04\/433950848_334750102923977_4668156416702498262_n-300x199.jpg 300w\" sizes=\"auto, (max-width: 655px) 100vw, 655px\" \/><\/a><\/figure><\/div>\n\n\n<p>Cette visite s&rsquo;est d\u00e9roul\u00e9e en parall\u00e8le avec l&rsquo;exposition des peintures de Marie Lys Hagenm\u00fcller et des photos animali\u00e8res de Aur\u00e9lien Petit.<\/p>\n\n\n<div class=\"wp-block-image\">\n<figure class=\"aligncenter size-full is-resized\"><a href=\"https:\/\/etrechyensembleetsolidaires.fr\/wp-content\/uploads\/2024\/04\/434032092_739512008294335_6733117316476547833_n.jpg\"><img loading=\"lazy\" decoding=\"async\" width=\"655\" height=\"925\" src=\"https:\/\/etrechyensembleetsolidaires.fr\/wp-content\/uploads\/2024\/04\/434032092_739512008294335_6733117316476547833_n.jpg\" alt=\"\" class=\"wp-image-8372\" style=\"width:449px;height:auto\" srcset=\"https:\/\/etrechyensembleetsolidaires.fr\/wp-content\/uploads\/2024\/04\/434032092_739512008294335_6733117316476547833_n.jpg 655w, https:\/\/etrechyensembleetsolidaires.fr\/wp-content\/uploads\/2024\/04\/434032092_739512008294335_6733117316476547833_n-212x300.jpg 212w\" sizes=\"auto, (max-width: 655px) 100vw, 655px\" \/><\/a><\/figure><\/div>\n\n\n<p>Si vous vous int\u00e9ressez \u00e0 la nature, ne manquez pas la journ\u00e9e d\u00e9couverte des plantes propos\u00e9e par le caf\u00e9 Cham&rsquo;<\/p>\n","protected":false},"excerpt":{"rendered":"<p>Certains habitants de la r\u00e9gion savent que la Juine prend sa source \u00e0 Autry. Elle longe le village de Juines [&hellip;]<\/p>\n","protected":false},"author":7,"featured_media":8369,"comment_status":"open","ping_status":"open","sticky":false,"template":"","format":"standard","meta":{"footnotes":""},"categories":[16],"tags":[],"class_list":["post-8366","post","type-post","status-publish","format-standard","has-post-thumbnail","hentry","category-ecologie"],"_links":{"self":[{"href":"https:\/\/etrechyensembleetsolidaires.fr\/index.php\/wp-json\/wp\/v2\/posts\/8366","targetHints":{"allow":["GET"]}}],"collection":[{"href":"https:\/\/etrechyensembleetsolidaires.fr\/index.php\/wp-json\/wp\/v2\/posts"}],"about":[{"href":"https:\/\/etrechyensembleetsolidaires.fr\/index.php\/wp-json\/wp\/v2\/types\/post"}],"author":[{"embeddable":true,"href":"https:\/\/etrechyensembleetsolidaires.fr\/index.php\/wp-json\/wp\/v2\/users\/7"}],"replies":[{"embeddable":true,"href":"https:\/\/etrechyensembleetsolidaires.fr\/index.php\/wp-json\/wp\/v2\/comments?post=8366"}],"version-history":[{"count":3,"href":"https:\/\/etrechyensembleetsolidaires.fr\/index.php\/wp-json\/wp\/v2\/posts\/8366\/revisions"}],"predecessor-version":[{"id":8376,"href":"https:\/\/etrechyensembleetsolidaires.fr\/index.php\/wp-json\/wp\/v2\/posts\/8366\/revisions\/8376"}],"wp:featuredmedia":[{"embeddable":true,"href":"https:\/\/etrechyensembleetsolidaires.fr\/index.php\/wp-json\/wp\/v2\/media\/8369"}],"wp:attachment":[{"href":"https:\/\/etrechyensembleetsolidaires.fr\/index.php\/wp-json\/wp\/v2\/media?parent=8366"}],"wp:term":[{"taxonomy":"category","embeddable":true,"href":"https:\/\/etrechyensembleetsolidaires.fr\/index.php\/wp-json\/wp\/v2\/categories?post=8366"},{"taxonomy":"post_tag","embeddable":true,"href":"https:\/\/etrechyensembleetsolidaires.fr\/index.php\/wp-json\/wp\/v2\/tags?post=8366"}],"curies":[{"name":"wp","href":"https:\/\/api.w.org\/{rel}","templated":true}]}}