{"id":7916,"date":"2024-02-02T10:27:06","date_gmt":"2024-02-02T09:27:06","guid":{"rendered":"https:\/\/etrechyensembleetsolidaires.fr\/?p=7916"},"modified":"2024-02-02T10:27:06","modified_gmt":"2024-02-02T09:27:06","slug":"fetons-la-chandeleur-2024","status":"publish","type":"post","link":"https:\/\/etrechyensembleetsolidaires.fr\/index.php\/2024\/02\/02\/fetons-la-chandeleur-2024\/","title":{"rendered":"F\u00eatons la chandeleur 2024"},"content":{"rendered":"\n<pre class=\"wp-block-preformatted\"><mark style=\"background-color:rgba(0, 0, 0, 0);color:#6d4169\" class=\"has-inline-color\">Pourquoi ne pas essayer une recette simple<\/mark> ?<mark style=\"background-color:rgba(0, 0, 0, 0);color:#6d4169\" class=\"has-inline-color\">\nPourquoi ne pas tenter d'acheter au plus pr\u00e8s ?<\/mark>\n <\/pre>\n\n\n\n<p>Etr\u00e9chy Ensemble et Solidaires vous propose ceci <\/p>\n\n\n\n<hr class=\"wp-block-separator has-css-opacity\"\/>\n\n\n\n<div class=\"wp-block-columns is-layout-flex wp-container-core-columns-is-layout-1 wp-block-columns-is-layout-flex\">\n<div class=\"wp-block-column is-layout-flow wp-block-column-is-layout-flow\">\n<h2 class=\"wp-block-heading has-text-align-center\">Cr\u00eapes sans beurre sans huile <\/h2>\n<\/div>\n\n\n\n<div class=\"wp-block-column is-layout-flow wp-block-column-is-layout-flow\">\n<figure class=\"wp-block-image size-large\"><img loading=\"lazy\" decoding=\"async\" width=\"1024\" height=\"585\" src=\"https:\/\/etrechyensembleetsolidaires.fr\/wp-content\/uploads\/2021\/02\/Capture-d\u2019e\u0301cran-2021-02-02-a\u0300-09.35.36-1024x585.png\" alt=\"\" class=\"wp-image-3121\" srcset=\"https:\/\/etrechyensembleetsolidaires.fr\/wp-content\/uploads\/2021\/02\/Capture-d\u2019e\u0301cran-2021-02-02-a\u0300-09.35.36-1024x585.png 1024w, https:\/\/etrechyensembleetsolidaires.fr\/wp-content\/uploads\/2021\/02\/Capture-d\u2019e\u0301cran-2021-02-02-a\u0300-09.35.36-300x171.png 300w, https:\/\/etrechyensembleetsolidaires.fr\/wp-content\/uploads\/2021\/02\/Capture-d\u2019e\u0301cran-2021-02-02-a\u0300-09.35.36-768x439.png 768w, https:\/\/etrechyensembleetsolidaires.fr\/wp-content\/uploads\/2021\/02\/Capture-d\u2019e\u0301cran-2021-02-02-a\u0300-09.35.36.png 1110w\" sizes=\"auto, (max-width: 1024px) 100vw, 1024px\" \/><\/figure>\n\n\n\n<p><\/p>\n<\/div>\n<\/div>\n\n\n\n<hr class=\"wp-block-separator has-css-opacity\"\/>\n\n\n\n<p><strong><em>Ingr\u00e9dients&nbsp;:<\/em><\/strong><\/p>\n\n\n\n<ul class=\"wp-block-list\">\n<li><mark style=\"background-color:rgba(0, 0, 0, 0)\" class=\"has-inline-color has-vivid-cyan-blue-color\">500 G DE FARINE <\/mark><\/li>\n\n\n\n<li><mark style=\"background-color:rgba(0, 0, 0, 0)\" class=\"has-inline-color has-vivid-cyan-blue-color\">6 OEUFS <\/mark><\/li>\n\n\n\n<li><mark style=\"background-color:rgba(0, 0, 0, 0)\" class=\"has-inline-color has-vivid-cyan-blue-color\">100 G DE SUCRE EN POUDRE <\/mark><\/li>\n\n\n\n<li><mark style=\"background-color:rgba(0, 0, 0, 0)\" class=\"has-inline-color has-vivid-cyan-blue-color\">3\/4 DE LITRE DE LAIT<\/mark><\/li>\n<\/ul>\n\n\n\n<p><strong><em>Fournisseurs (et nous comptons sur vous pour nous faire un commentaire avec d&rsquo;autres propositions de fournisseurs : <\/em><\/strong><\/p>\n\n\n\n<ul class=\"wp-block-list\">\n<li class=\"has-medium-font-size\"><mark style=\"background-color:rgba(0, 0, 0, 0)\" class=\"has-inline-color has-vivid-cyan-blue-color\">Farine de bl\u00e9 de la ferme des hirondelles chez Comptoir and Co (Etrechy)<\/mark><\/li>\n\n\n\n<li><mark style=\"background-color:rgba(0, 0, 0, 0)\" class=\"has-inline-color has-vivid-cyan-blue-color\">FARINE de bl\u00e9 >>> L&rsquo;ESSONNIENNE : <\/mark><br><mark style=\"background-color:rgba(0, 0, 0, 0)\" class=\"has-inline-color has-vivid-cyan-blue-color\">Moulin du gu\u00e9 91760 Itteville , nous en avons trouv\u00e9 sur Etr\u00e9chy<\/mark><br><a href=\"http:\/\/www.moulinsfouche.fr\/farine\/essonnienne\/\" target=\"_blank\" rel=\"noreferrer noopener\">http:\/\/www.moulinsfouche.fr\/farine\/essonnienne\/<mark style=\"background-color:rgba(0, 0, 0, 0)\" class=\"has-inline-color has-vivid-cyan-blue-color\">  <\/mark><\/a><\/li>\n\n\n\n<li><mark style=\"background-color:rgba(0, 0, 0, 0)\" class=\"has-inline-color has-vivid-cyan-blue-color\">OEUFS >>> Les P&rsquo;tites Cocottes d&rsquo;Edith :  <\/mark><br><mark style=\"background-color:rgba(0, 0, 0, 0)\" class=\"has-inline-color has-vivid-cyan-blue-color\"><a href=\"http:\/\/ptitescocottes.fr\/\">http:\/\/ptitescocottes.fr\/<\/a><\/mark><\/li>\n\n\n\n<li><mark style=\"background-color:rgba(0, 0, 0, 0)\" class=\"has-inline-color has-vivid-cyan-blue-color\">SUCRE EN POUDRE >>> La sucrerie d&rsquo;Artenay :<\/mark><br><mark style=\"background-color:rgba(0, 0, 0, 0)\" class=\"has-inline-color has-vivid-cyan-blue-color\">RTE DE PARIS \u00e0 ARTENAY 45410 (Article de la R\u00e9publique du centre) : <\/mark><br><a href=\"https:\/\/www.larep.fr\/orleans-45000\/actualites\/la-sucrerie-d-artenay-va-conditionner-du-sucre-et-produire-de-l-alcool-issus-de-betteraves-bio_13801992\/\" target=\"_blank\" rel=\"noreferrer noopener\">https:\/\/www.larep.fr\/orleans-45000\/actualites\/la-sucrerie-d-artenay-va-conditionner-du-sucre-et-produire-de-l-alcool-issus-de-betteraves-bio_13801992\/<\/a><\/li>\n\n\n\n<li><mark style=\"background-color:rgba(0, 0, 0, 0)\" class=\"has-inline-color has-vivid-cyan-blue-color\">3\/4 DE LITRE DE LAIT >>> ELEVAGE LA DOUDOU : 8 chemin du cimeti\u00e8re au parc, 91630 cheptainville au 0164569696<\/mark><br><a href=\"https:\/\/www.la-doudou.com\/\" target=\"_blank\" rel=\"noreferrer noopener\">https:\/\/www.la-doudou.com\/<\/a><\/li>\n<\/ul>\n\n\n\n<p>Notre association s&rsquo;est limit\u00e9e \u00e0 ces adresses de fournisseurs que certains de nos membres utilisent. MAIS nous comptons sur vous pour en ajouter \u00e0 cette seule recette. <\/p>\n\n\n\n<p><strong><em>Pr\u00e9paration&nbsp;:<\/em><\/strong><\/p>\n\n\n\n<ul class=\"wp-block-list\">\n<li>Dans un saladier ajoutez Farine, sucre et M\u00e9langez dans un premier temps,<\/li>\n\n\n\n<li>Ajoutez les 6 oeufs puis pr\u00e9cautionneusement versez y les 3\/4 de lait avec un fouet ne permettant pas les grumeaux <\/li>\n\n\n\n<li>Pensez \u00e0 prendre une po\u00eale qui ne colle pas (certains pr\u00e9pare un petit tissu huil\u00e9 pour graisser de temps en temps la po\u00eale)<\/li>\n<\/ul>\n","protected":false},"excerpt":{"rendered":"<p>Pourquoi ne pas essayer une recette simple ? Pourquoi ne pas tenter d&rsquo;acheter au plus pr\u00e8s ? Etr\u00e9chy Ensemble et [&hellip;]<\/p>\n","protected":false},"author":4,"featured_media":3121,"comment_status":"open","ping_status":"closed","sticky":false,"template":"","format":"standard","meta":{"footnotes":""},"categories":[17],"tags":[],"class_list":["post-7916","post","type-post","status-publish","format-standard","has-post-thumbnail","hentry","category-gastronomie-culture-et-patrimoine"],"_links":{"self":[{"href":"https:\/\/etrechyensembleetsolidaires.fr\/index.php\/wp-json\/wp\/v2\/posts\/7916","targetHints":{"allow":["GET"]}}],"collection":[{"href":"https:\/\/etrechyensembleetsolidaires.fr\/index.php\/wp-json\/wp\/v2\/posts"}],"about":[{"href":"https:\/\/etrechyensembleetsolidaires.fr\/index.php\/wp-json\/wp\/v2\/types\/post"}],"author":[{"embeddable":true,"href":"https:\/\/etrechyensembleetsolidaires.fr\/index.php\/wp-json\/wp\/v2\/users\/4"}],"replies":[{"embeddable":true,"href":"https:\/\/etrechyensembleetsolidaires.fr\/index.php\/wp-json\/wp\/v2\/comments?post=7916"}],"version-history":[{"count":2,"href":"https:\/\/etrechyensembleetsolidaires.fr\/index.php\/wp-json\/wp\/v2\/posts\/7916\/revisions"}],"predecessor-version":[{"id":7921,"href":"https:\/\/etrechyensembleetsolidaires.fr\/index.php\/wp-json\/wp\/v2\/posts\/7916\/revisions\/7921"}],"wp:featuredmedia":[{"embeddable":true,"href":"https:\/\/etrechyensembleetsolidaires.fr\/index.php\/wp-json\/wp\/v2\/media\/3121"}],"wp:attachment":[{"href":"https:\/\/etrechyensembleetsolidaires.fr\/index.php\/wp-json\/wp\/v2\/media?parent=7916"}],"wp:term":[{"taxonomy":"category","embeddable":true,"href":"https:\/\/etrechyensembleetsolidaires.fr\/index.php\/wp-json\/wp\/v2\/categories?post=7916"},{"taxonomy":"post_tag","embeddable":true,"href":"https:\/\/etrechyensembleetsolidaires.fr\/index.php\/wp-json\/wp\/v2\/tags?post=7916"}],"curies":[{"name":"wp","href":"https:\/\/api.w.org\/{rel}","templated":true}]}}