{"id":7675,"date":"2024-01-17T10:48:35","date_gmt":"2024-01-17T09:48:35","guid":{"rendered":"https:\/\/etrechyensembleetsolidaires.fr\/?p=7675"},"modified":"2025-06-17T20:52:57","modified_gmt":"2025-06-17T18:52:57","slug":"le-collectif-repar-cafe-etait-a-chamarande-en-janvier","status":"publish","type":"post","link":"https:\/\/etrechyensembleetsolidaires.fr\/index.php\/2024\/01\/17\/le-collectif-repar-cafe-etait-a-chamarande-en-janvier\/","title":{"rendered":"Le collectif Repair caf\u00e9 \u00e9tait \u00e0 Chamarande en janvier 2024"},"content":{"rendered":"\n<p>Le collectif entamait sa deuxi\u00e8me boucle qui avait d\u00e9marr\u00e9 ici \u00e0 Chamarande au caf\u00e9 cham&rsquo;. De nombreux \u00ab\u00a0r\u00e9paracteurs-b\u00e9n\u00e9voles\u00a0\u00bb du collectif composaient cette \u00e9quipe .<\/p>\n\n\n\n<figure class=\"wp-block-gallery has-nested-images columns-default is-cropped wp-block-gallery-1 is-layout-flex wp-block-gallery-is-layout-flex\">\n<figure class=\"wp-block-image size-large\"><img loading=\"lazy\" decoding=\"async\" width=\"1024\" height=\"768\" data-id=\"7678\" src=\"https:\/\/etrechyensembleetsolidaires.fr\/wp-content\/uploads\/2024\/01\/IMG_2830-1024x768.jpg\" alt=\"\" class=\"wp-image-7678\" srcset=\"https:\/\/etrechyensembleetsolidaires.fr\/wp-content\/uploads\/2024\/01\/IMG_2830-1024x768.jpg 1024w, https:\/\/etrechyensembleetsolidaires.fr\/wp-content\/uploads\/2024\/01\/IMG_2830-300x225.jpg 300w, https:\/\/etrechyensembleetsolidaires.fr\/wp-content\/uploads\/2024\/01\/IMG_2830-768x576.jpg 768w, https:\/\/etrechyensembleetsolidaires.fr\/wp-content\/uploads\/2024\/01\/IMG_2830-1536x1152.jpg 1536w, https:\/\/etrechyensembleetsolidaires.fr\/wp-content\/uploads\/2024\/01\/IMG_2830-2048x1536.jpg 2048w\" sizes=\"auto, (max-width: 1024px) 100vw, 1024px\" \/><\/figure>\n\n\n\n<figure class=\"wp-block-image size-large\"><img loading=\"lazy\" decoding=\"async\" width=\"1024\" height=\"768\" data-id=\"7684\" src=\"https:\/\/etrechyensembleetsolidaires.fr\/wp-content\/uploads\/2024\/01\/IMG_2833-1024x768.jpg\" alt=\"\" class=\"wp-image-7684\" srcset=\"https:\/\/etrechyensembleetsolidaires.fr\/wp-content\/uploads\/2024\/01\/IMG_2833-1024x768.jpg 1024w, https:\/\/etrechyensembleetsolidaires.fr\/wp-content\/uploads\/2024\/01\/IMG_2833-300x225.jpg 300w, https:\/\/etrechyensembleetsolidaires.fr\/wp-content\/uploads\/2024\/01\/IMG_2833-768x576.jpg 768w, https:\/\/etrechyensembleetsolidaires.fr\/wp-content\/uploads\/2024\/01\/IMG_2833-1536x1152.jpg 1536w, https:\/\/etrechyensembleetsolidaires.fr\/wp-content\/uploads\/2024\/01\/IMG_2833-2048x1536.jpg 2048w\" sizes=\"auto, (max-width: 1024px) 100vw, 1024px\" \/><\/figure>\n\n\n\n<figure class=\"wp-block-image size-large\"><img loading=\"lazy\" decoding=\"async\" width=\"1024\" height=\"768\" data-id=\"7685\" src=\"https:\/\/etrechyensembleetsolidaires.fr\/wp-content\/uploads\/2024\/01\/IMG_2834-1024x768.jpg\" alt=\"\" class=\"wp-image-7685\" srcset=\"https:\/\/etrechyensembleetsolidaires.fr\/wp-content\/uploads\/2024\/01\/IMG_2834-1024x768.jpg 1024w, https:\/\/etrechyensembleetsolidaires.fr\/wp-content\/uploads\/2024\/01\/IMG_2834-300x225.jpg 300w, https:\/\/etrechyensembleetsolidaires.fr\/wp-content\/uploads\/2024\/01\/IMG_2834-768x576.jpg 768w, https:\/\/etrechyensembleetsolidaires.fr\/wp-content\/uploads\/2024\/01\/IMG_2834-1536x1152.jpg 1536w, https:\/\/etrechyensembleetsolidaires.fr\/wp-content\/uploads\/2024\/01\/IMG_2834-2048x1536.jpg 2048w\" sizes=\"auto, (max-width: 1024px) 100vw, 1024px\" \/><\/figure>\n\n\n\n<figure class=\"wp-block-image size-large\"><img loading=\"lazy\" decoding=\"async\" width=\"1024\" height=\"768\" data-id=\"7680\" src=\"https:\/\/etrechyensembleetsolidaires.fr\/wp-content\/uploads\/2024\/01\/IMG_2836-1024x768.jpg\" alt=\"\" class=\"wp-image-7680\" srcset=\"https:\/\/etrechyensembleetsolidaires.fr\/wp-content\/uploads\/2024\/01\/IMG_2836-1024x768.jpg 1024w, https:\/\/etrechyensembleetsolidaires.fr\/wp-content\/uploads\/2024\/01\/IMG_2836-300x225.jpg 300w, https:\/\/etrechyensembleetsolidaires.fr\/wp-content\/uploads\/2024\/01\/IMG_2836-768x576.jpg 768w, https:\/\/etrechyensembleetsolidaires.fr\/wp-content\/uploads\/2024\/01\/IMG_2836-1536x1152.jpg 1536w, https:\/\/etrechyensembleetsolidaires.fr\/wp-content\/uploads\/2024\/01\/IMG_2836-2048x1536.jpg 2048w\" sizes=\"auto, (max-width: 1024px) 100vw, 1024px\" \/><\/figure>\n<\/figure>\n\n\n\n<p>Au total pas moins de 12 objets ont \u00e9t\u00e9 apport\u00e9s : coupe-bordure, t\u00e9l\u00e9vision, imprimante, cuiseur soupe, t\u00e9l\u00e9phone fixe, chargeur de pile, lampe de camping, station m\u00e9t\u00e9o, lampe sur pied, tron\u00e7onneuse, PC portable<\/p>\n\n\n\n<p>4 objets r\u00e9par\u00e9s sur place&nbsp; et des RDVs pris pour revoir la t\u00e9l\u00e9, le&nbsp;PC portable, le coupe bordure<\/p>\n\n\n\n<p>C&rsquo;est avec beaucoup de plaisir que les personnes qui amenaient leur mat\u00e9riel en panne, apprenaient \u00e0 les d\u00e9monter et contribuaient, par leur diagnostic, \u00e0 la r\u00e9paration.<\/p>\n\n\n\n<p>Un grand merci \u00e0 Rose-Marie organisatrice qui accueillait le collectif( accueil caf\u00e9, viennoiseries&#8230;) Alice, Agn\u00e8s, Corinne Fanny Olivier et aux r\u00e9paracteurs .  <strong>Bienvenue \u00e0 Maxime de Chamarande qui rejoint le collectif en tant que r\u00e9paracteur <\/strong><br><\/p>\n\n\n\n<figure class=\"wp-block-gallery has-nested-images columns-default is-cropped wp-block-gallery-2 is-layout-flex wp-block-gallery-is-layout-flex\">\n<figure class=\"wp-block-image size-large\"><img loading=\"lazy\" decoding=\"async\" width=\"1024\" height=\"768\" data-id=\"7681\" src=\"https:\/\/etrechyensembleetsolidaires.fr\/wp-content\/uploads\/2024\/01\/IMG_2837-1024x768.jpg\" alt=\"\" class=\"wp-image-7681\" srcset=\"https:\/\/etrechyensembleetsolidaires.fr\/wp-content\/uploads\/2024\/01\/IMG_2837-1024x768.jpg 1024w, https:\/\/etrechyensembleetsolidaires.fr\/wp-content\/uploads\/2024\/01\/IMG_2837-300x225.jpg 300w, https:\/\/etrechyensembleetsolidaires.fr\/wp-content\/uploads\/2024\/01\/IMG_2837-768x576.jpg 768w, https:\/\/etrechyensembleetsolidaires.fr\/wp-content\/uploads\/2024\/01\/IMG_2837-1536x1152.jpg 1536w, https:\/\/etrechyensembleetsolidaires.fr\/wp-content\/uploads\/2024\/01\/IMG_2837-2048x1536.jpg 2048w\" sizes=\"auto, (max-width: 1024px) 100vw, 1024px\" \/><\/figure>\n\n\n\n<figure class=\"wp-block-image size-large\"><img loading=\"lazy\" decoding=\"async\" width=\"1024\" height=\"768\" data-id=\"7689\" src=\"https:\/\/etrechyensembleetsolidaires.fr\/wp-content\/uploads\/2021\/02\/IMG_2843-1024x768.jpg\" alt=\"\" class=\"wp-image-7689\" srcset=\"https:\/\/etrechyensembleetsolidaires.fr\/wp-content\/uploads\/2021\/02\/IMG_2843-1024x768.jpg 1024w, https:\/\/etrechyensembleetsolidaires.fr\/wp-content\/uploads\/2021\/02\/IMG_2843-300x225.jpg 300w, https:\/\/etrechyensembleetsolidaires.fr\/wp-content\/uploads\/2021\/02\/IMG_2843-768x576.jpg 768w, https:\/\/etrechyensembleetsolidaires.fr\/wp-content\/uploads\/2021\/02\/IMG_2843-1536x1152.jpg 1536w, https:\/\/etrechyensembleetsolidaires.fr\/wp-content\/uploads\/2021\/02\/IMG_2843-2048x1536.jpg 2048w\" sizes=\"auto, (max-width: 1024px) 100vw, 1024px\" \/><\/figure>\n<\/figure>\n\n\n\n<p class=\"has-vivid-red-color has-text-color\"><strong>Rendez-vous le 10 f\u00e9vrier 2024 \u00e0 Etr\u00e9chy , \u00e0 la ferme du Vintu\u00e9 <\/strong><\/p>\n\n\n\n<p>&#8211; samedi 9 mars \u00e0 Auvers au foyer rural<\/p>\n\n\n\n<p>&#8211; En avril \u00e0 Chamarande au Caf\u00e9 Cham&rsquo;<\/p>\n\n\n\n<figure class=\"wp-block-gallery has-nested-images columns-default is-cropped wp-block-gallery-3 is-layout-flex wp-block-gallery-is-layout-flex\">\n<figure class=\"wp-block-image size-large\"><img loading=\"lazy\" decoding=\"async\" width=\"1024\" height=\"768\" data-id=\"7688\" src=\"https:\/\/etrechyensembleetsolidaires.fr\/wp-content\/uploads\/2021\/02\/IMG_2842-1024x768.jpg\" alt=\"\" class=\"wp-image-7688\" srcset=\"https:\/\/etrechyensembleetsolidaires.fr\/wp-content\/uploads\/2021\/02\/IMG_2842-1024x768.jpg 1024w, https:\/\/etrechyensembleetsolidaires.fr\/wp-content\/uploads\/2021\/02\/IMG_2842-300x225.jpg 300w, https:\/\/etrechyensembleetsolidaires.fr\/wp-content\/uploads\/2021\/02\/IMG_2842-768x576.jpg 768w, https:\/\/etrechyensembleetsolidaires.fr\/wp-content\/uploads\/2021\/02\/IMG_2842-1536x1152.jpg 1536w, https:\/\/etrechyensembleetsolidaires.fr\/wp-content\/uploads\/2021\/02\/IMG_2842-2048x1536.jpg 2048w\" sizes=\"auto, (max-width: 1024px) 100vw, 1024px\" \/><\/figure>\n\n\n\n<figure class=\"wp-block-image size-large\"><img loading=\"lazy\" decoding=\"async\" width=\"1024\" height=\"768\" data-id=\"7687\" src=\"https:\/\/etrechyensembleetsolidaires.fr\/wp-content\/uploads\/2021\/02\/IMG_2841-1024x768.jpg\" alt=\"\" class=\"wp-image-7687\" srcset=\"https:\/\/etrechyensembleetsolidaires.fr\/wp-content\/uploads\/2021\/02\/IMG_2841-1024x768.jpg 1024w, https:\/\/etrechyensembleetsolidaires.fr\/wp-content\/uploads\/2021\/02\/IMG_2841-300x225.jpg 300w, https:\/\/etrechyensembleetsolidaires.fr\/wp-content\/uploads\/2021\/02\/IMG_2841-768x576.jpg 768w, https:\/\/etrechyensembleetsolidaires.fr\/wp-content\/uploads\/2021\/02\/IMG_2841-1536x1152.jpg 1536w, https:\/\/etrechyensembleetsolidaires.fr\/wp-content\/uploads\/2021\/02\/IMG_2841-2048x1536.jpg 2048w\" sizes=\"auto, (max-width: 1024px) 100vw, 1024px\" \/><\/figure>\n\n\n\n<figure class=\"wp-block-image size-large\"><img loading=\"lazy\" decoding=\"async\" width=\"2560\" height=\"1920\" data-id=\"7682\" src=\"https:\/\/etrechyensembleetsolidaires.fr\/wp-content\/uploads\/2024\/01\/IMG_2835-scaled.jpg\" alt=\"\" class=\"wp-image-7682\" srcset=\"https:\/\/etrechyensembleetsolidaires.fr\/wp-content\/uploads\/2024\/01\/IMG_2835-scaled.jpg 2560w, https:\/\/etrechyensembleetsolidaires.fr\/wp-content\/uploads\/2024\/01\/IMG_2835-300x225.jpg 300w\" sizes=\"auto, (max-width: 2560px) 100vw, 2560px\" \/><\/figure>\n\n\n\n<figure class=\"wp-block-image size-large\"><img loading=\"lazy\" decoding=\"async\" width=\"2560\" height=\"1920\" data-id=\"7679\" src=\"https:\/\/etrechyensembleetsolidaires.fr\/wp-content\/uploads\/2024\/01\/IMG_2832-scaled.jpg\" alt=\"\" class=\"wp-image-7679\" srcset=\"https:\/\/etrechyensembleetsolidaires.fr\/wp-content\/uploads\/2024\/01\/IMG_2832-scaled.jpg 2560w, https:\/\/etrechyensembleetsolidaires.fr\/wp-content\/uploads\/2024\/01\/IMG_2832-300x225.jpg 300w\" sizes=\"auto, (max-width: 2560px) 100vw, 2560px\" \/><\/figure>\n<\/figure>\n\n\n\n<p>Article relatifs \u00e0 ce sujet  :<\/p>\n\n\n\n<ul class=\"wp-block-list\">\n<li><a href=\"https:\/\/etrechyensembleetsolidaires.fr\/index.php\/2023\/04\/16\/lancement-du-repar-cafe-du-collectif-auvers-chamarande-etrechy\/\" target=\"_blank\" rel=\"noreferrer noopener\">Lancement du R\u00e9par&rsquo; caf\u00e9 <\/a><\/li>\n\n\n\n<li><a href=\"https:\/\/etrechyensembleetsolidaires.fr\/index.php\/2023\/04\/16\/lancement-du-repar-cafe-du-collectif-auvers-chamarande-etrechy\/\" target=\"_blank\" rel=\"noreferrer noopener\">Les rendez vous R\u00e9par&rsquo;caf\u00e9 <\/a><\/li>\n\n\n\n<li><\/li>\n<\/ul>\n","protected":false},"excerpt":{"rendered":"<p>Le collectif entamait sa deuxi\u00e8me boucle qui avait d\u00e9marr\u00e9 ici \u00e0 Chamarande au caf\u00e9 cham&rsquo;. De nombreux \u00ab\u00a0r\u00e9paracteurs-b\u00e9n\u00e9voles\u00a0\u00bb du collectif [&hellip;]<\/p>\n","protected":false},"author":2,"featured_media":7679,"comment_status":"open","ping_status":"open","sticky":false,"template":"","format":"standard","meta":{"footnotes":""},"categories":[3,15],"tags":[],"class_list":["post-7675","post","type-post","status-publish","format-standard","has-post-thumbnail","hentry","category-association","category-solidarite-et-civisme"],"_links":{"self":[{"href":"https:\/\/etrechyensembleetsolidaires.fr\/index.php\/wp-json\/wp\/v2\/posts\/7675","targetHints":{"allow":["GET"]}}],"collection":[{"href":"https:\/\/etrechyensembleetsolidaires.fr\/index.php\/wp-json\/wp\/v2\/posts"}],"about":[{"href":"https:\/\/etrechyensembleetsolidaires.fr\/index.php\/wp-json\/wp\/v2\/types\/post"}],"author":[{"embeddable":true,"href":"https:\/\/etrechyensembleetsolidaires.fr\/index.php\/wp-json\/wp\/v2\/users\/2"}],"replies":[{"embeddable":true,"href":"https:\/\/etrechyensembleetsolidaires.fr\/index.php\/wp-json\/wp\/v2\/comments?post=7675"}],"version-history":[{"count":11,"href":"https:\/\/etrechyensembleetsolidaires.fr\/index.php\/wp-json\/wp\/v2\/posts\/7675\/revisions"}],"predecessor-version":[{"id":10295,"href":"https:\/\/etrechyensembleetsolidaires.fr\/index.php\/wp-json\/wp\/v2\/posts\/7675\/revisions\/10295"}],"wp:featuredmedia":[{"embeddable":true,"href":"https:\/\/etrechyensembleetsolidaires.fr\/index.php\/wp-json\/wp\/v2\/media\/7679"}],"wp:attachment":[{"href":"https:\/\/etrechyensembleetsolidaires.fr\/index.php\/wp-json\/wp\/v2\/media?parent=7675"}],"wp:term":[{"taxonomy":"category","embeddable":true,"href":"https:\/\/etrechyensembleetsolidaires.fr\/index.php\/wp-json\/wp\/v2\/categories?post=7675"},{"taxonomy":"post_tag","embeddable":true,"href":"https:\/\/etrechyensembleetsolidaires.fr\/index.php\/wp-json\/wp\/v2\/tags?post=7675"}],"curies":[{"name":"wp","href":"https:\/\/api.w.org\/{rel}","templated":true}]}}