{"id":7444,"date":"2023-11-21T08:51:33","date_gmt":"2023-11-21T07:51:33","guid":{"rendered":"https:\/\/etrechyensembleetsolidaires.fr\/?p=7444"},"modified":"2024-01-15T11:54:48","modified_gmt":"2024-01-15T10:54:48","slug":"il-etait-une-fois","status":"publish","type":"post","link":"https:\/\/etrechyensembleetsolidaires.fr\/index.php\/2023\/11\/21\/il-etait-une-fois\/","title":{"rendered":"Il \u00e9tait une fois"},"content":{"rendered":"\n<p>Un dimanche 19 novembre des lutins qui ont investi le village d&rsquo;Auvers Saint Georges et mesur\u00e9 la cadence, cr\u00e9ant, ici et l\u00e0, avec l&rsquo;aide des enfants venus des quatre coins du territoire, des objets de f\u00eate afin d&#8217;emporter avec eux, un peu de l&rsquo;esprit de No\u00ebl.<\/p>\n\n\n\n<figure class=\"wp-block-image size-large\"><a href=\"https:\/\/etrechyensembleetsolidaires.fr\/wp-content\/uploads\/2023\/11\/IMG_2686-scaled.jpg\"><img loading=\"lazy\" decoding=\"async\" width=\"768\" height=\"1024\" src=\"https:\/\/etrechyensembleetsolidaires.fr\/wp-content\/uploads\/2023\/11\/IMG_2686-768x1024.jpg\" alt=\"\" class=\"wp-image-7462\" srcset=\"https:\/\/etrechyensembleetsolidaires.fr\/wp-content\/uploads\/2023\/11\/IMG_2686-768x1024.jpg 768w, https:\/\/etrechyensembleetsolidaires.fr\/wp-content\/uploads\/2023\/11\/IMG_2686-225x300.jpg 225w, https:\/\/etrechyensembleetsolidaires.fr\/wp-content\/uploads\/2023\/11\/IMG_2686-1152x1536.jpg 1152w, https:\/\/etrechyensembleetsolidaires.fr\/wp-content\/uploads\/2023\/11\/IMG_2686-1536x2048.jpg 1536w, https:\/\/etrechyensembleetsolidaires.fr\/wp-content\/uploads\/2023\/11\/IMG_2686-scaled.jpg 1920w\" sizes=\"auto, (max-width: 768px) 100vw, 768px\" \/><\/a><\/figure>\n\n\n\n<p>En entrant dans l&rsquo;atelier, on pouvait d\u00e9couvrir, attentive dans son alcove, M\u00e8re No\u00ebl pr\u00eate \u00e0 conter ses histoires. Attention, elle a pr\u00e9vu deux moments pour ses histoires. Et, en attendant, elle collecte dans sa belle bo\u00eete, les lettres des enfants pour le P\u00e8re No\u00ebl. <\/p>\n\n\n\n<figure class=\"wp-block-gallery has-nested-images columns-default is-cropped wp-block-gallery-1 is-layout-flex wp-block-gallery-is-layout-flex\">\n<figure class=\"wp-block-image size-large\"><a href=\"https:\/\/etrechyensembleetsolidaires.fr\/wp-content\/uploads\/2021\/02\/IMG_2667-scaled.jpg\"><img loading=\"lazy\" decoding=\"async\" width=\"1024\" height=\"768\" data-id=\"7454\" src=\"https:\/\/etrechyensembleetsolidaires.fr\/wp-content\/uploads\/2021\/02\/IMG_2667-1024x768.jpg\" alt=\"\" class=\"wp-image-7454\" srcset=\"https:\/\/etrechyensembleetsolidaires.fr\/wp-content\/uploads\/2021\/02\/IMG_2667-1024x768.jpg 1024w, https:\/\/etrechyensembleetsolidaires.fr\/wp-content\/uploads\/2021\/02\/IMG_2667-300x225.jpg 300w, https:\/\/etrechyensembleetsolidaires.fr\/wp-content\/uploads\/2021\/02\/IMG_2667-768x576.jpg 768w, https:\/\/etrechyensembleetsolidaires.fr\/wp-content\/uploads\/2021\/02\/IMG_2667-1536x1152.jpg 1536w, https:\/\/etrechyensembleetsolidaires.fr\/wp-content\/uploads\/2021\/02\/IMG_2667-2048x1536.jpg 2048w\" sizes=\"auto, (max-width: 1024px) 100vw, 1024px\" \/><\/a><\/figure>\n\n\n\n<figure class=\"wp-block-image size-large\"><a href=\"https:\/\/etrechyensembleetsolidaires.fr\/wp-content\/uploads\/2021\/02\/IMG_2666-scaled.jpg\"><img loading=\"lazy\" decoding=\"async\" width=\"1024\" height=\"768\" data-id=\"7453\" src=\"https:\/\/etrechyensembleetsolidaires.fr\/wp-content\/uploads\/2021\/02\/IMG_2666-1024x768.jpg\" alt=\"\" class=\"wp-image-7453\" srcset=\"https:\/\/etrechyensembleetsolidaires.fr\/wp-content\/uploads\/2021\/02\/IMG_2666-1024x768.jpg 1024w, https:\/\/etrechyensembleetsolidaires.fr\/wp-content\/uploads\/2021\/02\/IMG_2666-300x225.jpg 300w, https:\/\/etrechyensembleetsolidaires.fr\/wp-content\/uploads\/2021\/02\/IMG_2666-768x576.jpg 768w, https:\/\/etrechyensembleetsolidaires.fr\/wp-content\/uploads\/2021\/02\/IMG_2666-1536x1152.jpg 1536w, https:\/\/etrechyensembleetsolidaires.fr\/wp-content\/uploads\/2021\/02\/IMG_2666-2048x1536.jpg 2048w\" sizes=\"auto, (max-width: 1024px) 100vw, 1024px\" \/><\/a><\/figure>\n\n\n\n<figure class=\"wp-block-image size-large\"><a href=\"https:\/\/etrechyensembleetsolidaires.fr\/wp-content\/uploads\/2021\/02\/IMG_2661-scaled.jpg\"><img loading=\"lazy\" decoding=\"async\" width=\"1024\" height=\"768\" data-id=\"7452\" src=\"https:\/\/etrechyensembleetsolidaires.fr\/wp-content\/uploads\/2021\/02\/IMG_2661-1024x768.jpg\" alt=\"\" class=\"wp-image-7452\" srcset=\"https:\/\/etrechyensembleetsolidaires.fr\/wp-content\/uploads\/2021\/02\/IMG_2661-1024x768.jpg 1024w, https:\/\/etrechyensembleetsolidaires.fr\/wp-content\/uploads\/2021\/02\/IMG_2661-300x225.jpg 300w, https:\/\/etrechyensembleetsolidaires.fr\/wp-content\/uploads\/2021\/02\/IMG_2661-768x576.jpg 768w, https:\/\/etrechyensembleetsolidaires.fr\/wp-content\/uploads\/2021\/02\/IMG_2661-1536x1152.jpg 1536w, https:\/\/etrechyensembleetsolidaires.fr\/wp-content\/uploads\/2021\/02\/IMG_2661-2048x1536.jpg 2048w\" sizes=\"auto, (max-width: 1024px) 100vw, 1024px\" \/><\/a><\/figure>\n<\/figure>\n\n\n\n<p>Juste \u00e0 c\u00f4t\u00e9, les lutines Tincelle et Litchi sont affair\u00e9es \u00e0 qui mieux mieux pour pr\u00e9parer les cartes de v\u0153ux et grimer les bambins de mille feux. <\/p>\n\n\n\n<figure class=\"wp-block-gallery has-nested-images columns-default is-cropped wp-block-gallery-2 is-layout-flex wp-block-gallery-is-layout-flex\">\n<figure class=\"wp-block-image size-large\"><a href=\"https:\/\/etrechyensembleetsolidaires.fr\/wp-content\/uploads\/2021\/02\/IMG_2658-scaled.jpg\"><img loading=\"lazy\" decoding=\"async\" width=\"768\" height=\"1024\" data-id=\"7451\" src=\"https:\/\/etrechyensembleetsolidaires.fr\/wp-content\/uploads\/2021\/02\/IMG_2658-768x1024.jpg\" alt=\"\" class=\"wp-image-7451\" srcset=\"https:\/\/etrechyensembleetsolidaires.fr\/wp-content\/uploads\/2021\/02\/IMG_2658-768x1024.jpg 768w, https:\/\/etrechyensembleetsolidaires.fr\/wp-content\/uploads\/2021\/02\/IMG_2658-225x300.jpg 225w, https:\/\/etrechyensembleetsolidaires.fr\/wp-content\/uploads\/2021\/02\/IMG_2658-1152x1536.jpg 1152w, https:\/\/etrechyensembleetsolidaires.fr\/wp-content\/uploads\/2021\/02\/IMG_2658-1536x2048.jpg 1536w, https:\/\/etrechyensembleetsolidaires.fr\/wp-content\/uploads\/2021\/02\/IMG_2658-scaled.jpg 1920w\" sizes=\"auto, (max-width: 768px) 100vw, 768px\" \/><\/a><\/figure>\n\n\n\n<figure class=\"wp-block-image size-large\"><a href=\"https:\/\/etrechyensembleetsolidaires.fr\/wp-content\/uploads\/2021\/02\/IMG_2657-scaled.jpg\"><img loading=\"lazy\" decoding=\"async\" width=\"768\" height=\"1024\" data-id=\"7450\" src=\"https:\/\/etrechyensembleetsolidaires.fr\/wp-content\/uploads\/2021\/02\/IMG_2657-768x1024.jpg\" alt=\"\" class=\"wp-image-7450\" srcset=\"https:\/\/etrechyensembleetsolidaires.fr\/wp-content\/uploads\/2021\/02\/IMG_2657-768x1024.jpg 768w, https:\/\/etrechyensembleetsolidaires.fr\/wp-content\/uploads\/2021\/02\/IMG_2657-225x300.jpg 225w, https:\/\/etrechyensembleetsolidaires.fr\/wp-content\/uploads\/2021\/02\/IMG_2657-1152x1536.jpg 1152w, https:\/\/etrechyensembleetsolidaires.fr\/wp-content\/uploads\/2021\/02\/IMG_2657-1536x2048.jpg 1536w, https:\/\/etrechyensembleetsolidaires.fr\/wp-content\/uploads\/2021\/02\/IMG_2657-scaled.jpg 1920w\" sizes=\"auto, (max-width: 768px) 100vw, 768px\" \/><\/a><\/figure>\n\n\n\n<figure class=\"wp-block-image size-large\"><a href=\"https:\/\/etrechyensembleetsolidaires.fr\/wp-content\/uploads\/2023\/11\/litchi-scaled.jpg\"><img loading=\"lazy\" decoding=\"async\" width=\"576\" height=\"1024\" data-id=\"7518\" src=\"https:\/\/etrechyensembleetsolidaires.fr\/wp-content\/uploads\/2023\/11\/litchi-576x1024.jpg\" alt=\"\" class=\"wp-image-7518\" srcset=\"https:\/\/etrechyensembleetsolidaires.fr\/wp-content\/uploads\/2023\/11\/litchi-576x1024.jpg 576w, https:\/\/etrechyensembleetsolidaires.fr\/wp-content\/uploads\/2023\/11\/litchi-169x300.jpg 169w, https:\/\/etrechyensembleetsolidaires.fr\/wp-content\/uploads\/2023\/11\/litchi-768x1365.jpg 768w, https:\/\/etrechyensembleetsolidaires.fr\/wp-content\/uploads\/2023\/11\/litchi-864x1536.jpg 864w, https:\/\/etrechyensembleetsolidaires.fr\/wp-content\/uploads\/2023\/11\/litchi-1153x2048.jpg 1153w, https:\/\/etrechyensembleetsolidaires.fr\/wp-content\/uploads\/2023\/11\/litchi-scaled.jpg 1441w\" sizes=\"auto, (max-width: 576px) 100vw, 576px\" \/><\/a><\/figure>\n<\/figure>\n\n\n\n<p>Un peu plus loin, lutines Zolie, Filou et Scarlette enseignent&nbsp;\u00e0 fa\u00e7onner des bo\u00eetes&nbsp;\u00e0 secret, des marque-pages et des guirlandes en bois. <\/p>\n\n\n\n<figure class=\"wp-block-gallery has-nested-images columns-default is-cropped wp-block-gallery-3 is-layout-flex wp-block-gallery-is-layout-flex\">\n<figure class=\"wp-block-image size-large\"><a href=\"https:\/\/etrechyensembleetsolidaires.fr\/wp-content\/uploads\/2021\/02\/IMG_2655-scaled.jpg\"><img loading=\"lazy\" decoding=\"async\" width=\"1024\" height=\"768\" data-id=\"7449\" src=\"https:\/\/etrechyensembleetsolidaires.fr\/wp-content\/uploads\/2021\/02\/IMG_2655-1024x768.jpg\" alt=\"\" class=\"wp-image-7449\" srcset=\"https:\/\/etrechyensembleetsolidaires.fr\/wp-content\/uploads\/2021\/02\/IMG_2655-1024x768.jpg 1024w, https:\/\/etrechyensembleetsolidaires.fr\/wp-content\/uploads\/2021\/02\/IMG_2655-300x225.jpg 300w, https:\/\/etrechyensembleetsolidaires.fr\/wp-content\/uploads\/2021\/02\/IMG_2655-768x576.jpg 768w, https:\/\/etrechyensembleetsolidaires.fr\/wp-content\/uploads\/2021\/02\/IMG_2655-1536x1152.jpg 1536w, https:\/\/etrechyensembleetsolidaires.fr\/wp-content\/uploads\/2021\/02\/IMG_2655-2048x1536.jpg 2048w\" sizes=\"auto, (max-width: 1024px) 100vw, 1024px\" \/><\/a><\/figure>\n\n\n\n<figure class=\"wp-block-image size-large\"><a href=\"https:\/\/etrechyensembleetsolidaires.fr\/wp-content\/uploads\/2023\/11\/IMG_2652-scaled.jpg\"><img loading=\"lazy\" decoding=\"async\" width=\"1024\" height=\"768\" data-id=\"7464\" src=\"https:\/\/etrechyensembleetsolidaires.fr\/wp-content\/uploads\/2023\/11\/IMG_2652-1024x768.jpg\" alt=\"\" class=\"wp-image-7464\" srcset=\"https:\/\/etrechyensembleetsolidaires.fr\/wp-content\/uploads\/2023\/11\/IMG_2652-1024x768.jpg 1024w, https:\/\/etrechyensembleetsolidaires.fr\/wp-content\/uploads\/2023\/11\/IMG_2652-300x225.jpg 300w, https:\/\/etrechyensembleetsolidaires.fr\/wp-content\/uploads\/2023\/11\/IMG_2652-768x576.jpg 768w, https:\/\/etrechyensembleetsolidaires.fr\/wp-content\/uploads\/2023\/11\/IMG_2652-1536x1152.jpg 1536w, https:\/\/etrechyensembleetsolidaires.fr\/wp-content\/uploads\/2023\/11\/IMG_2652-2048x1536.jpg 2048w\" sizes=\"auto, (max-width: 1024px) 100vw, 1024px\" \/><\/a><\/figure>\n<\/figure>\n\n\n\n<p>Dans l&rsquo;angle du grand atelier, lutins Trusquin et Gus travaillent le bois et montrent aux apprentis, visiteurs du jour, comment construire un sapin de No\u00ebl, au gr\u00e9 de leur imagination, se servant des branches, des feuilles dispos\u00e9es devant eux. <\/p>\n\n\n\n<figure class=\"wp-block-gallery has-nested-images columns-default is-cropped wp-block-gallery-4 is-layout-flex wp-block-gallery-is-layout-flex\">\n<figure class=\"wp-block-image size-large\"><a href=\"https:\/\/etrechyensembleetsolidaires.fr\/wp-content\/uploads\/2021\/02\/IMG_2646-scaled.jpg\"><img loading=\"lazy\" decoding=\"async\" width=\"1024\" height=\"768\" data-id=\"7447\" src=\"https:\/\/etrechyensembleetsolidaires.fr\/wp-content\/uploads\/2021\/02\/IMG_2646-1024x768.jpg\" alt=\"\" class=\"wp-image-7447\" srcset=\"https:\/\/etrechyensembleetsolidaires.fr\/wp-content\/uploads\/2021\/02\/IMG_2646-1024x768.jpg 1024w, https:\/\/etrechyensembleetsolidaires.fr\/wp-content\/uploads\/2021\/02\/IMG_2646-300x225.jpg 300w, https:\/\/etrechyensembleetsolidaires.fr\/wp-content\/uploads\/2021\/02\/IMG_2646-768x576.jpg 768w, https:\/\/etrechyensembleetsolidaires.fr\/wp-content\/uploads\/2021\/02\/IMG_2646-1536x1152.jpg 1536w, https:\/\/etrechyensembleetsolidaires.fr\/wp-content\/uploads\/2021\/02\/IMG_2646-2048x1536.jpg 2048w\" sizes=\"auto, (max-width: 1024px) 100vw, 1024px\" \/><\/a><\/figure>\n\n\n\n<figure class=\"wp-block-image size-large\"><a href=\"https:\/\/etrechyensembleetsolidaires.fr\/wp-content\/uploads\/2021\/02\/IMG_2647-scaled.jpg\"><img loading=\"lazy\" decoding=\"async\" width=\"1024\" height=\"768\" data-id=\"7448\" src=\"https:\/\/etrechyensembleetsolidaires.fr\/wp-content\/uploads\/2021\/02\/IMG_2647-1024x768.jpg\" alt=\"\" class=\"wp-image-7448\" srcset=\"https:\/\/etrechyensembleetsolidaires.fr\/wp-content\/uploads\/2021\/02\/IMG_2647-1024x768.jpg 1024w, https:\/\/etrechyensembleetsolidaires.fr\/wp-content\/uploads\/2021\/02\/IMG_2647-300x225.jpg 300w, https:\/\/etrechyensembleetsolidaires.fr\/wp-content\/uploads\/2021\/02\/IMG_2647-768x576.jpg 768w, https:\/\/etrechyensembleetsolidaires.fr\/wp-content\/uploads\/2021\/02\/IMG_2647-1536x1152.jpg 1536w, https:\/\/etrechyensembleetsolidaires.fr\/wp-content\/uploads\/2021\/02\/IMG_2647-2048x1536.jpg 2048w\" sizes=\"auto, (max-width: 1024px) 100vw, 1024px\" \/><\/a><\/figure>\n<\/figure>\n\n\n\n<p>En face, lutin Pipo second\u00e9 par lutine Meringue aident les enfants \u00e0 composer la pr\u00e9sentation naturelle qui pourra si\u00e9ger au centre de leur table de f\u00eates. <\/p>\n\n\n\n<figure class=\"wp-block-gallery has-nested-images columns-default is-cropped wp-block-gallery-5 is-layout-flex wp-block-gallery-is-layout-flex\">\n<figure class=\"wp-block-image size-large\"><a href=\"https:\/\/etrechyensembleetsolidaires.fr\/wp-content\/uploads\/2021\/02\/IMG_2643-scaled.jpg\"><img loading=\"lazy\" decoding=\"async\" width=\"1024\" height=\"768\" data-id=\"7446\" src=\"https:\/\/etrechyensembleetsolidaires.fr\/wp-content\/uploads\/2021\/02\/IMG_2643-1024x768.jpg\" alt=\"\" class=\"wp-image-7446\" srcset=\"https:\/\/etrechyensembleetsolidaires.fr\/wp-content\/uploads\/2021\/02\/IMG_2643-1024x768.jpg 1024w, https:\/\/etrechyensembleetsolidaires.fr\/wp-content\/uploads\/2021\/02\/IMG_2643-300x225.jpg 300w, https:\/\/etrechyensembleetsolidaires.fr\/wp-content\/uploads\/2021\/02\/IMG_2643-768x576.jpg 768w, https:\/\/etrechyensembleetsolidaires.fr\/wp-content\/uploads\/2021\/02\/IMG_2643-1536x1152.jpg 1536w, https:\/\/etrechyensembleetsolidaires.fr\/wp-content\/uploads\/2021\/02\/IMG_2643-2048x1536.jpg 2048w\" sizes=\"auto, (max-width: 1024px) 100vw, 1024px\" \/><\/a><\/figure>\n\n\n\n<figure class=\"wp-block-image size-large\"><a href=\"https:\/\/etrechyensembleetsolidaires.fr\/wp-content\/uploads\/2023\/11\/meringue-scaled.jpg\"><img loading=\"lazy\" decoding=\"async\" width=\"576\" height=\"1024\" data-id=\"7521\" src=\"https:\/\/etrechyensembleetsolidaires.fr\/wp-content\/uploads\/2023\/11\/meringue-576x1024.jpg\" alt=\"\" class=\"wp-image-7521\" srcset=\"https:\/\/etrechyensembleetsolidaires.fr\/wp-content\/uploads\/2023\/11\/meringue-576x1024.jpg 576w, https:\/\/etrechyensembleetsolidaires.fr\/wp-content\/uploads\/2023\/11\/meringue-169x300.jpg 169w, https:\/\/etrechyensembleetsolidaires.fr\/wp-content\/uploads\/2023\/11\/meringue-768x1365.jpg 768w, https:\/\/etrechyensembleetsolidaires.fr\/wp-content\/uploads\/2023\/11\/meringue-864x1536.jpg 864w, https:\/\/etrechyensembleetsolidaires.fr\/wp-content\/uploads\/2023\/11\/meringue-1153x2048.jpg 1153w, https:\/\/etrechyensembleetsolidaires.fr\/wp-content\/uploads\/2023\/11\/meringue-scaled.jpg 1441w\" sizes=\"auto, (max-width: 576px) 100vw, 576px\" \/><\/a><\/figure>\n\n\n\n<figure class=\"wp-block-image size-large\"><a href=\"https:\/\/etrechyensembleetsolidaires.fr\/wp-content\/uploads\/2023\/11\/IMG_2673-scaled.jpg\"><img loading=\"lazy\" decoding=\"async\" width=\"1024\" height=\"768\" data-id=\"7467\" src=\"https:\/\/etrechyensembleetsolidaires.fr\/wp-content\/uploads\/2023\/11\/IMG_2673-1024x768.jpg\" alt=\"\" class=\"wp-image-7467\" srcset=\"https:\/\/etrechyensembleetsolidaires.fr\/wp-content\/uploads\/2023\/11\/IMG_2673-1024x768.jpg 1024w, https:\/\/etrechyensembleetsolidaires.fr\/wp-content\/uploads\/2023\/11\/IMG_2673-300x225.jpg 300w, https:\/\/etrechyensembleetsolidaires.fr\/wp-content\/uploads\/2023\/11\/IMG_2673-768x576.jpg 768w, https:\/\/etrechyensembleetsolidaires.fr\/wp-content\/uploads\/2023\/11\/IMG_2673-1536x1152.jpg 1536w, https:\/\/etrechyensembleetsolidaires.fr\/wp-content\/uploads\/2023\/11\/IMG_2673-2048x1536.jpg 2048w\" sizes=\"auto, (max-width: 1024px) 100vw, 1024px\" \/><\/a><\/figure>\n\n\n\n<figure class=\"wp-block-image size-large\"><a href=\"https:\/\/etrechyensembleetsolidaires.fr\/wp-content\/uploads\/2023\/11\/IMG_2668-scaled.jpg\"><img loading=\"lazy\" decoding=\"async\" width=\"1024\" height=\"768\" data-id=\"7466\" src=\"https:\/\/etrechyensembleetsolidaires.fr\/wp-content\/uploads\/2023\/11\/IMG_2668-1024x768.jpg\" alt=\"\" class=\"wp-image-7466\" srcset=\"https:\/\/etrechyensembleetsolidaires.fr\/wp-content\/uploads\/2023\/11\/IMG_2668-1024x768.jpg 1024w, https:\/\/etrechyensembleetsolidaires.fr\/wp-content\/uploads\/2023\/11\/IMG_2668-300x225.jpg 300w, https:\/\/etrechyensembleetsolidaires.fr\/wp-content\/uploads\/2023\/11\/IMG_2668-768x576.jpg 768w, https:\/\/etrechyensembleetsolidaires.fr\/wp-content\/uploads\/2023\/11\/IMG_2668-1536x1152.jpg 1536w, https:\/\/etrechyensembleetsolidaires.fr\/wp-content\/uploads\/2023\/11\/IMG_2668-2048x1536.jpg 2048w\" sizes=\"auto, (max-width: 1024px) 100vw, 1024px\" \/><\/a><\/figure>\n<\/figure>\n\n\n\n<p>\u00c0 leur droite, lutines Crapette et Paillette s&rsquo;en donnent \u00e0 coeur joie pour \u00ab\u00a0enlainer\u00a0\u00bb avec les mitrons les figurines de No\u00ebl. <\/p>\n\n\n\n<figure class=\"wp-block-gallery has-nested-images columns-default is-cropped wp-block-gallery-6 is-layout-flex wp-block-gallery-is-layout-flex\">\n<figure class=\"wp-block-image size-large\"><a href=\"https:\/\/etrechyensembleetsolidaires.fr\/wp-content\/uploads\/2021\/02\/IMG_2685-scaled.jpg\"><img loading=\"lazy\" decoding=\"async\" width=\"768\" height=\"1024\" data-id=\"7460\" src=\"https:\/\/etrechyensembleetsolidaires.fr\/wp-content\/uploads\/2021\/02\/IMG_2685-768x1024.jpg\" alt=\"\" class=\"wp-image-7460\" srcset=\"https:\/\/etrechyensembleetsolidaires.fr\/wp-content\/uploads\/2021\/02\/IMG_2685-768x1024.jpg 768w, https:\/\/etrechyensembleetsolidaires.fr\/wp-content\/uploads\/2021\/02\/IMG_2685-225x300.jpg 225w, https:\/\/etrechyensembleetsolidaires.fr\/wp-content\/uploads\/2021\/02\/IMG_2685-1152x1536.jpg 1152w, https:\/\/etrechyensembleetsolidaires.fr\/wp-content\/uploads\/2021\/02\/IMG_2685-1536x2048.jpg 1536w, https:\/\/etrechyensembleetsolidaires.fr\/wp-content\/uploads\/2021\/02\/IMG_2685-scaled.jpg 1920w\" sizes=\"auto, (max-width: 768px) 100vw, 768px\" \/><\/a><\/figure>\n\n\n\n<figure class=\"wp-block-image size-large\"><a href=\"https:\/\/etrechyensembleetsolidaires.fr\/wp-content\/uploads\/2023\/11\/crapette-scaled.jpg\"><img loading=\"lazy\" decoding=\"async\" width=\"1024\" height=\"576\" data-id=\"7516\" src=\"https:\/\/etrechyensembleetsolidaires.fr\/wp-content\/uploads\/2023\/11\/crapette-1024x576.jpg\" alt=\"\" class=\"wp-image-7516\" srcset=\"https:\/\/etrechyensembleetsolidaires.fr\/wp-content\/uploads\/2023\/11\/crapette-1024x576.jpg 1024w, https:\/\/etrechyensembleetsolidaires.fr\/wp-content\/uploads\/2023\/11\/crapette-300x169.jpg 300w, https:\/\/etrechyensembleetsolidaires.fr\/wp-content\/uploads\/2023\/11\/crapette-768x432.jpg 768w, https:\/\/etrechyensembleetsolidaires.fr\/wp-content\/uploads\/2023\/11\/crapette-1536x864.jpg 1536w, https:\/\/etrechyensembleetsolidaires.fr\/wp-content\/uploads\/2023\/11\/crapette-2048x1153.jpg 2048w\" sizes=\"auto, (max-width: 1024px) 100vw, 1024px\" \/><\/a><\/figure>\n<\/figure>\n\n\n\n<p>Au centre de cette effervescence, Lutin PomPom est aux aguets pour aller glaner, d\u00e8s le tintement de clochette, le cadeau termin\u00e9 qui ira d\u00e9filer sur le tapis vert pour finir dans la hotte de Papa No\u00ebl. <strong>Acte 2 une entreprise str\u00e9piniacoise<\/strong> nous a permis de r\u00e9cup\u00e9rer plein de mati\u00e8re premi\u00e8re (regardez donc ce beau tapis de chez eux qui d\u00e9file sur la r\u00e9alisation faite avec du bois de r\u00e9cup\u00e9ration de chez eux). <\/p>\n\n\n<div class=\"wp-block-image\">\n<figure class=\"aligncenter size-large is-resized\"><a href=\"https:\/\/etrechyensembleetsolidaires.fr\/wp-content\/uploads\/2023\/11\/Capture-decran-2023-11-21-a-08.47.04.png\"><img loading=\"lazy\" decoding=\"async\" width=\"1024\" height=\"733\" src=\"https:\/\/etrechyensembleetsolidaires.fr\/wp-content\/uploads\/2023\/11\/Capture-decran-2023-11-21-a-08.47.04-1024x733.png\" alt=\"\" class=\"wp-image-7490\" style=\"width:541px;height:387px\" srcset=\"https:\/\/etrechyensembleetsolidaires.fr\/wp-content\/uploads\/2023\/11\/Capture-decran-2023-11-21-a-08.47.04-1024x733.png 1024w, https:\/\/etrechyensembleetsolidaires.fr\/wp-content\/uploads\/2023\/11\/Capture-decran-2023-11-21-a-08.47.04-300x215.png 300w, https:\/\/etrechyensembleetsolidaires.fr\/wp-content\/uploads\/2023\/11\/Capture-decran-2023-11-21-a-08.47.04-768x550.png 768w, https:\/\/etrechyensembleetsolidaires.fr\/wp-content\/uploads\/2023\/11\/Capture-decran-2023-11-21-a-08.47.04-1536x1099.png 1536w, https:\/\/etrechyensembleetsolidaires.fr\/wp-content\/uploads\/2023\/11\/Capture-decran-2023-11-21-a-08.47.04-2048x1466.png 2048w\" sizes=\"auto, (max-width: 1024px) 100vw, 1024px\" \/><\/a><\/figure><\/div>\n\n\n<p>                                                                                                 Et <\/p>\n\n\n\n<figure class=\"wp-block-video\"><video controls src=\"https:\/\/etrechyensembleetsolidaires.fr\/wp-content\/uploads\/2023\/11\/WhatsApp-Video-2023-11-20-at-14.33.21.mp4\"><\/video><\/figure>\n\n\n\n<p>Ce dernier, passe et repasse pour examiner de son \u0153il&nbsp;expert le travail de chacun. Il pose pour la photo. Il profite de ce temps de repos car il sait que dans quelques semaines, il aura \u00e0 courir un peu partout sur la terre pour d\u00e9poser le fruit du travail de ses ouvriers fac\u00e9tieux.<\/p>\n\n\n\n<figure class=\"wp-block-gallery has-nested-images columns-default is-cropped wp-block-gallery-7 is-layout-flex wp-block-gallery-is-layout-flex\">\n<figure class=\"wp-block-image size-large\"><a href=\"https:\/\/etrechyensembleetsolidaires.fr\/wp-content\/uploads\/2023\/11\/WhatsApp-Image-2023-11-20-at-08.02.12.jpeg\"><img loading=\"lazy\" decoding=\"async\" width=\"461\" height=\"1024\" data-id=\"7472\" src=\"https:\/\/etrechyensembleetsolidaires.fr\/wp-content\/uploads\/2023\/11\/WhatsApp-Image-2023-11-20-at-08.02.12-461x1024.jpeg\" alt=\"\" class=\"wp-image-7472\" srcset=\"https:\/\/etrechyensembleetsolidaires.fr\/wp-content\/uploads\/2023\/11\/WhatsApp-Image-2023-11-20-at-08.02.12-461x1024.jpeg 461w, https:\/\/etrechyensembleetsolidaires.fr\/wp-content\/uploads\/2023\/11\/WhatsApp-Image-2023-11-20-at-08.02.12-135x300.jpeg 135w, https:\/\/etrechyensembleetsolidaires.fr\/wp-content\/uploads\/2023\/11\/WhatsApp-Image-2023-11-20-at-08.02.12-691x1536.jpeg 691w, https:\/\/etrechyensembleetsolidaires.fr\/wp-content\/uploads\/2023\/11\/WhatsApp-Image-2023-11-20-at-08.02.12.jpeg 720w\" sizes=\"auto, (max-width: 461px) 100vw, 461px\" \/><\/a><\/figure>\n\n\n\n<figure class=\"wp-block-image size-large\"><a href=\"https:\/\/etrechyensembleetsolidaires.fr\/wp-content\/uploads\/2023\/11\/WhatsApp-Image-2023-11-20-at-08.02.14.jpeg\"><img loading=\"lazy\" decoding=\"async\" width=\"461\" height=\"1024\" data-id=\"7469\" src=\"https:\/\/etrechyensembleetsolidaires.fr\/wp-content\/uploads\/2023\/11\/WhatsApp-Image-2023-11-20-at-08.02.14-461x1024.jpeg\" alt=\"\" class=\"wp-image-7469\" srcset=\"https:\/\/etrechyensembleetsolidaires.fr\/wp-content\/uploads\/2023\/11\/WhatsApp-Image-2023-11-20-at-08.02.14-461x1024.jpeg 461w, https:\/\/etrechyensembleetsolidaires.fr\/wp-content\/uploads\/2023\/11\/WhatsApp-Image-2023-11-20-at-08.02.14-135x300.jpeg 135w, https:\/\/etrechyensembleetsolidaires.fr\/wp-content\/uploads\/2023\/11\/WhatsApp-Image-2023-11-20-at-08.02.14-691x1536.jpeg 691w, https:\/\/etrechyensembleetsolidaires.fr\/wp-content\/uploads\/2023\/11\/WhatsApp-Image-2023-11-20-at-08.02.14.jpeg 720w\" sizes=\"auto, (max-width: 461px) 100vw, 461px\" \/><\/a><\/figure>\n<\/figure>\n\n\n\n<figure class=\"wp-block-image size-large\"><img loading=\"lazy\" decoding=\"async\" width=\"1024\" height=\"577\" src=\"https:\/\/etrechyensembleetsolidaires.fr\/wp-content\/uploads\/2023\/11\/Capture-decran-2023-11-29-a-19.28.38-1024x577.png\" alt=\"\" class=\"wp-image-7556\" srcset=\"https:\/\/etrechyensembleetsolidaires.fr\/wp-content\/uploads\/2023\/11\/Capture-decran-2023-11-29-a-19.28.38-1024x577.png 1024w, https:\/\/etrechyensembleetsolidaires.fr\/wp-content\/uploads\/2023\/11\/Capture-decran-2023-11-29-a-19.28.38-300x169.png 300w, https:\/\/etrechyensembleetsolidaires.fr\/wp-content\/uploads\/2023\/11\/Capture-decran-2023-11-29-a-19.28.38-768x433.png 768w, https:\/\/etrechyensembleetsolidaires.fr\/wp-content\/uploads\/2023\/11\/Capture-decran-2023-11-29-a-19.28.38-1536x866.png 1536w, https:\/\/etrechyensembleetsolidaires.fr\/wp-content\/uploads\/2023\/11\/Capture-decran-2023-11-29-a-19.28.38.png 1590w\" sizes=\"auto, (max-width: 1024px) 100vw, 1024px\" \/><\/figure>\n\n\n\n<p>Plus loin, au foyer rural, lutine Malice s&rsquo;active avec lutin Bidule dans la pr\u00e9paration des friandises chocolat\u00e9es. Ils confectionnent avec les enfants les bouch\u00e9es que, tous, pourront refaire chez eux avec leurs parents.<\/p>\n\n\n\n<figure class=\"wp-block-image size-large\"><a href=\"https:\/\/etrechyensembleetsolidaires.fr\/wp-content\/uploads\/2023\/11\/WhatsApp-Image-2023-11-20-at-08.02.24-1.jpeg\"><img loading=\"lazy\" decoding=\"async\" width=\"1024\" height=\"461\" src=\"https:\/\/etrechyensembleetsolidaires.fr\/wp-content\/uploads\/2023\/11\/WhatsApp-Image-2023-11-20-at-08.02.24-1-1024x461.jpeg\" alt=\"\" class=\"wp-image-7474\" srcset=\"https:\/\/etrechyensembleetsolidaires.fr\/wp-content\/uploads\/2023\/11\/WhatsApp-Image-2023-11-20-at-08.02.24-1-1024x461.jpeg 1024w, https:\/\/etrechyensembleetsolidaires.fr\/wp-content\/uploads\/2023\/11\/WhatsApp-Image-2023-11-20-at-08.02.24-1-300x135.jpeg 300w, https:\/\/etrechyensembleetsolidaires.fr\/wp-content\/uploads\/2023\/11\/WhatsApp-Image-2023-11-20-at-08.02.24-1-768x346.jpeg 768w, https:\/\/etrechyensembleetsolidaires.fr\/wp-content\/uploads\/2023\/11\/WhatsApp-Image-2023-11-20-at-08.02.24-1-1536x691.jpeg 1536w, https:\/\/etrechyensembleetsolidaires.fr\/wp-content\/uploads\/2023\/11\/WhatsApp-Image-2023-11-20-at-08.02.24-1.jpeg 1600w\" sizes=\"auto, (max-width: 1024px) 100vw, 1024px\" \/><\/a><\/figure>\n\n\n\n<figure class=\"wp-block-gallery has-nested-images columns-default is-cropped wp-block-gallery-8 is-layout-flex wp-block-gallery-is-layout-flex\">\n<figure class=\"wp-block-image size-large\"><a href=\"https:\/\/etrechyensembleetsolidaires.fr\/wp-content\/uploads\/2023\/11\/WhatsApp-Image-2023-11-20-at-08.02.24-2.jpeg\"><img loading=\"lazy\" decoding=\"async\" width=\"461\" height=\"1024\" data-id=\"7475\" src=\"https:\/\/etrechyensembleetsolidaires.fr\/wp-content\/uploads\/2023\/11\/WhatsApp-Image-2023-11-20-at-08.02.24-2-461x1024.jpeg\" alt=\"\" class=\"wp-image-7475\" srcset=\"https:\/\/etrechyensembleetsolidaires.fr\/wp-content\/uploads\/2023\/11\/WhatsApp-Image-2023-11-20-at-08.02.24-2-461x1024.jpeg 461w, https:\/\/etrechyensembleetsolidaires.fr\/wp-content\/uploads\/2023\/11\/WhatsApp-Image-2023-11-20-at-08.02.24-2-135x300.jpeg 135w, https:\/\/etrechyensembleetsolidaires.fr\/wp-content\/uploads\/2023\/11\/WhatsApp-Image-2023-11-20-at-08.02.24-2-691x1536.jpeg 691w, https:\/\/etrechyensembleetsolidaires.fr\/wp-content\/uploads\/2023\/11\/WhatsApp-Image-2023-11-20-at-08.02.24-2.jpeg 720w\" sizes=\"auto, (max-width: 461px) 100vw, 461px\" \/><\/a><\/figure>\n\n\n\n<figure class=\"wp-block-image size-large\"><a href=\"https:\/\/etrechyensembleetsolidaires.fr\/wp-content\/uploads\/2023\/11\/WhatsApp-Image-2023-11-20-at-08.02.24.jpeg\"><img loading=\"lazy\" decoding=\"async\" width=\"1024\" height=\"461\" data-id=\"7476\" src=\"https:\/\/etrechyensembleetsolidaires.fr\/wp-content\/uploads\/2023\/11\/WhatsApp-Image-2023-11-20-at-08.02.24-1024x461.jpeg\" alt=\"\" class=\"wp-image-7476\" srcset=\"https:\/\/etrechyensembleetsolidaires.fr\/wp-content\/uploads\/2023\/11\/WhatsApp-Image-2023-11-20-at-08.02.24-1024x461.jpeg 1024w, https:\/\/etrechyensembleetsolidaires.fr\/wp-content\/uploads\/2023\/11\/WhatsApp-Image-2023-11-20-at-08.02.24-300x135.jpeg 300w, https:\/\/etrechyensembleetsolidaires.fr\/wp-content\/uploads\/2023\/11\/WhatsApp-Image-2023-11-20-at-08.02.24-768x346.jpeg 768w, https:\/\/etrechyensembleetsolidaires.fr\/wp-content\/uploads\/2023\/11\/WhatsApp-Image-2023-11-20-at-08.02.24-1536x691.jpeg 1536w, https:\/\/etrechyensembleetsolidaires.fr\/wp-content\/uploads\/2023\/11\/WhatsApp-Image-2023-11-20-at-08.02.24.jpeg 1600w\" sizes=\"auto, (max-width: 1024px) 100vw, 1024px\" \/><\/a><\/figure>\n\n\n\n<figure class=\"wp-block-image size-large\"><a href=\"https:\/\/etrechyensembleetsolidaires.fr\/wp-content\/uploads\/2023\/11\/WhatsApp-Image-2023-11-20-at-08.03.27.jpeg\"><img loading=\"lazy\" decoding=\"async\" width=\"1024\" height=\"461\" data-id=\"7477\" src=\"https:\/\/etrechyensembleetsolidaires.fr\/wp-content\/uploads\/2023\/11\/WhatsApp-Image-2023-11-20-at-08.03.27-1024x461.jpeg\" alt=\"\" class=\"wp-image-7477\" srcset=\"https:\/\/etrechyensembleetsolidaires.fr\/wp-content\/uploads\/2023\/11\/WhatsApp-Image-2023-11-20-at-08.03.27-1024x461.jpeg 1024w, https:\/\/etrechyensembleetsolidaires.fr\/wp-content\/uploads\/2023\/11\/WhatsApp-Image-2023-11-20-at-08.03.27-300x135.jpeg 300w, https:\/\/etrechyensembleetsolidaires.fr\/wp-content\/uploads\/2023\/11\/WhatsApp-Image-2023-11-20-at-08.03.27-768x346.jpeg 768w, https:\/\/etrechyensembleetsolidaires.fr\/wp-content\/uploads\/2023\/11\/WhatsApp-Image-2023-11-20-at-08.03.27-1536x691.jpeg 1536w, https:\/\/etrechyensembleetsolidaires.fr\/wp-content\/uploads\/2023\/11\/WhatsApp-Image-2023-11-20-at-08.03.27.jpeg 1600w\" sizes=\"auto, (max-width: 1024px) 100vw, 1024px\" \/><\/a><\/figure>\n\n\n\n<figure class=\"wp-block-image size-large\"><a href=\"https:\/\/etrechyensembleetsolidaires.fr\/wp-content\/uploads\/2023\/11\/WhatsApp-Image-2023-11-20-at-08.03.28.jpeg\"><img loading=\"lazy\" decoding=\"async\" width=\"1024\" height=\"461\" data-id=\"7479\" src=\"https:\/\/etrechyensembleetsolidaires.fr\/wp-content\/uploads\/2023\/11\/WhatsApp-Image-2023-11-20-at-08.03.28-1024x461.jpeg\" alt=\"\" class=\"wp-image-7479\" srcset=\"https:\/\/etrechyensembleetsolidaires.fr\/wp-content\/uploads\/2023\/11\/WhatsApp-Image-2023-11-20-at-08.03.28-1024x461.jpeg 1024w, https:\/\/etrechyensembleetsolidaires.fr\/wp-content\/uploads\/2023\/11\/WhatsApp-Image-2023-11-20-at-08.03.28-300x135.jpeg 300w, https:\/\/etrechyensembleetsolidaires.fr\/wp-content\/uploads\/2023\/11\/WhatsApp-Image-2023-11-20-at-08.03.28-768x346.jpeg 768w, https:\/\/etrechyensembleetsolidaires.fr\/wp-content\/uploads\/2023\/11\/WhatsApp-Image-2023-11-20-at-08.03.28-1536x691.jpeg 1536w, https:\/\/etrechyensembleetsolidaires.fr\/wp-content\/uploads\/2023\/11\/WhatsApp-Image-2023-11-20-at-08.03.28.jpeg 1600w\" sizes=\"auto, (max-width: 1024px) 100vw, 1024px\" \/><\/a><\/figure>\n\n\n\n<figure class=\"wp-block-image size-large\"><a href=\"https:\/\/etrechyensembleetsolidaires.fr\/wp-content\/uploads\/2023\/11\/WhatsApp-Image-2023-11-20-at-08.03.28-1.jpeg\"><img loading=\"lazy\" decoding=\"async\" width=\"1024\" height=\"461\" data-id=\"7480\" src=\"https:\/\/etrechyensembleetsolidaires.fr\/wp-content\/uploads\/2023\/11\/WhatsApp-Image-2023-11-20-at-08.03.28-1-1024x461.jpeg\" alt=\"\" class=\"wp-image-7480\" srcset=\"https:\/\/etrechyensembleetsolidaires.fr\/wp-content\/uploads\/2023\/11\/WhatsApp-Image-2023-11-20-at-08.03.28-1-1024x461.jpeg 1024w, https:\/\/etrechyensembleetsolidaires.fr\/wp-content\/uploads\/2023\/11\/WhatsApp-Image-2023-11-20-at-08.03.28-1-300x135.jpeg 300w, https:\/\/etrechyensembleetsolidaires.fr\/wp-content\/uploads\/2023\/11\/WhatsApp-Image-2023-11-20-at-08.03.28-1-768x346.jpeg 768w, https:\/\/etrechyensembleetsolidaires.fr\/wp-content\/uploads\/2023\/11\/WhatsApp-Image-2023-11-20-at-08.03.28-1-1536x691.jpeg 1536w, https:\/\/etrechyensembleetsolidaires.fr\/wp-content\/uploads\/2023\/11\/WhatsApp-Image-2023-11-20-at-08.03.28-1.jpeg 1600w\" sizes=\"auto, (max-width: 1024px) 100vw, 1024px\" \/><\/a><\/figure>\n<\/figure>\n\n\n\n<p>Au centre du village, toute la journ\u00e9e, ont pris place les chalands de No\u00ebl. En v\u00e9ritables artistes, ils proposent leurs cr\u00e9ations ou celles des autres qu&rsquo;ils auront pris soin de s\u00e9lectionner pour leur artisanat. L&rsquo;ambiance est \u00e0 la f\u00eate, les musiques bercent les passants et amusent les enfants.<\/p>\n\n\n\n<figure class=\"wp-block-image size-large\"><a href=\"https:\/\/etrechyensembleetsolidaires.fr\/wp-content\/uploads\/2023\/11\/marche-noel-scaled.jpg\"><img loading=\"lazy\" decoding=\"async\" width=\"1024\" height=\"576\" src=\"https:\/\/etrechyensembleetsolidaires.fr\/wp-content\/uploads\/2023\/11\/marche-noel-1024x576.jpg\" alt=\"\" class=\"wp-image-7513\" srcset=\"https:\/\/etrechyensembleetsolidaires.fr\/wp-content\/uploads\/2023\/11\/marche-noel-1024x576.jpg 1024w, https:\/\/etrechyensembleetsolidaires.fr\/wp-content\/uploads\/2023\/11\/marche-noel-300x169.jpg 300w, https:\/\/etrechyensembleetsolidaires.fr\/wp-content\/uploads\/2023\/11\/marche-noel-768x432.jpg 768w, https:\/\/etrechyensembleetsolidaires.fr\/wp-content\/uploads\/2023\/11\/marche-noel-1536x864.jpg 1536w, https:\/\/etrechyensembleetsolidaires.fr\/wp-content\/uploads\/2023\/11\/marche-noel-2048x1153.jpg 2048w\" sizes=\"auto, (max-width: 1024px) 100vw, 1024px\" \/><\/a><\/figure>\n\n\n\n<figure class=\"wp-block-gallery has-nested-images columns-default is-cropped wp-block-gallery-9 is-layout-flex wp-block-gallery-is-layout-flex\">\n<figure class=\"wp-block-image size-large\"><img loading=\"lazy\" decoding=\"async\" width=\"620\" height=\"1024\" data-id=\"7493\" src=\"https:\/\/etrechyensembleetsolidaires.fr\/wp-content\/uploads\/2023\/11\/Capture-decran-2023-11-21-a-08.56.48-620x1024.png\" alt=\"\" class=\"wp-image-7493\" srcset=\"https:\/\/etrechyensembleetsolidaires.fr\/wp-content\/uploads\/2023\/11\/Capture-decran-2023-11-21-a-08.56.48-620x1024.png 620w, https:\/\/etrechyensembleetsolidaires.fr\/wp-content\/uploads\/2023\/11\/Capture-decran-2023-11-21-a-08.56.48-182x300.png 182w, https:\/\/etrechyensembleetsolidaires.fr\/wp-content\/uploads\/2023\/11\/Capture-decran-2023-11-21-a-08.56.48-768x1269.png 768w, https:\/\/etrechyensembleetsolidaires.fr\/wp-content\/uploads\/2023\/11\/Capture-decran-2023-11-21-a-08.56.48.png 800w\" sizes=\"auto, (max-width: 620px) 100vw, 620px\" \/><\/figure>\n\n\n\n<figure class=\"wp-block-image size-large\"><img loading=\"lazy\" decoding=\"async\" width=\"603\" height=\"1024\" data-id=\"7494\" src=\"https:\/\/etrechyensembleetsolidaires.fr\/wp-content\/uploads\/2023\/11\/Capture-decran-2023-11-21-a-08.57.07-603x1024.png\" alt=\"\" class=\"wp-image-7494\" srcset=\"https:\/\/etrechyensembleetsolidaires.fr\/wp-content\/uploads\/2023\/11\/Capture-decran-2023-11-21-a-08.57.07-603x1024.png 603w, https:\/\/etrechyensembleetsolidaires.fr\/wp-content\/uploads\/2023\/11\/Capture-decran-2023-11-21-a-08.57.07-177x300.png 177w, https:\/\/etrechyensembleetsolidaires.fr\/wp-content\/uploads\/2023\/11\/Capture-decran-2023-11-21-a-08.57.07-768x1305.png 768w, https:\/\/etrechyensembleetsolidaires.fr\/wp-content\/uploads\/2023\/11\/Capture-decran-2023-11-21-a-08.57.07.png 784w\" sizes=\"auto, (max-width: 603px) 100vw, 603px\" \/><\/figure>\n\n\n\n<figure class=\"wp-block-image size-large\"><img loading=\"lazy\" decoding=\"async\" width=\"589\" height=\"1024\" data-id=\"7501\" src=\"https:\/\/etrechyensembleetsolidaires.fr\/wp-content\/uploads\/2023\/11\/Capture-decran-2023-11-21-a-09.05.03-589x1024.png\" alt=\"\" class=\"wp-image-7501\" srcset=\"https:\/\/etrechyensembleetsolidaires.fr\/wp-content\/uploads\/2023\/11\/Capture-decran-2023-11-21-a-09.05.03-589x1024.png 589w, https:\/\/etrechyensembleetsolidaires.fr\/wp-content\/uploads\/2023\/11\/Capture-decran-2023-11-21-a-09.05.03-173x300.png 173w, https:\/\/etrechyensembleetsolidaires.fr\/wp-content\/uploads\/2023\/11\/Capture-decran-2023-11-21-a-09.05.03-768x1334.png 768w, https:\/\/etrechyensembleetsolidaires.fr\/wp-content\/uploads\/2023\/11\/Capture-decran-2023-11-21-a-09.05.03.png 784w\" sizes=\"auto, (max-width: 589px) 100vw, 589px\" \/><\/figure>\n\n\n\n<figure class=\"wp-block-image size-large\"><img loading=\"lazy\" decoding=\"async\" width=\"599\" height=\"1024\" data-id=\"7496\" src=\"https:\/\/etrechyensembleetsolidaires.fr\/wp-content\/uploads\/2023\/11\/Capture-decran-2023-11-21-a-08.57.45-599x1024.png\" alt=\"\" class=\"wp-image-7496\" srcset=\"https:\/\/etrechyensembleetsolidaires.fr\/wp-content\/uploads\/2023\/11\/Capture-decran-2023-11-21-a-08.57.45-599x1024.png 599w, https:\/\/etrechyensembleetsolidaires.fr\/wp-content\/uploads\/2023\/11\/Capture-decran-2023-11-21-a-08.57.45-175x300.png 175w, https:\/\/etrechyensembleetsolidaires.fr\/wp-content\/uploads\/2023\/11\/Capture-decran-2023-11-21-a-08.57.45-768x1313.png 768w, https:\/\/etrechyensembleetsolidaires.fr\/wp-content\/uploads\/2023\/11\/Capture-decran-2023-11-21-a-08.57.45.png 800w\" sizes=\"auto, (max-width: 599px) 100vw, 599px\" \/><\/figure>\n\n\n\n<figure class=\"wp-block-image size-large\"><img loading=\"lazy\" decoding=\"async\" width=\"644\" height=\"1024\" data-id=\"7497\" src=\"https:\/\/etrechyensembleetsolidaires.fr\/wp-content\/uploads\/2023\/11\/Capture-decran-2023-11-21-a-08.58.00-644x1024.png\" alt=\"\" class=\"wp-image-7497\" srcset=\"https:\/\/etrechyensembleetsolidaires.fr\/wp-content\/uploads\/2023\/11\/Capture-decran-2023-11-21-a-08.58.00-644x1024.png 644w, https:\/\/etrechyensembleetsolidaires.fr\/wp-content\/uploads\/2023\/11\/Capture-decran-2023-11-21-a-08.58.00-189x300.png 189w, https:\/\/etrechyensembleetsolidaires.fr\/wp-content\/uploads\/2023\/11\/Capture-decran-2023-11-21-a-08.58.00-768x1221.png 768w, https:\/\/etrechyensembleetsolidaires.fr\/wp-content\/uploads\/2023\/11\/Capture-decran-2023-11-21-a-08.58.00.png 794w\" sizes=\"auto, (max-width: 644px) 100vw, 644px\" \/><\/figure>\n\n\n\n<figure class=\"wp-block-image size-large\"><img loading=\"lazy\" decoding=\"async\" width=\"627\" height=\"1024\" data-id=\"7498\" src=\"https:\/\/etrechyensembleetsolidaires.fr\/wp-content\/uploads\/2023\/11\/Capture-decran-2023-11-21-a-08.58.07-627x1024.png\" alt=\"\" class=\"wp-image-7498\" srcset=\"https:\/\/etrechyensembleetsolidaires.fr\/wp-content\/uploads\/2023\/11\/Capture-decran-2023-11-21-a-08.58.07-627x1024.png 627w, https:\/\/etrechyensembleetsolidaires.fr\/wp-content\/uploads\/2023\/11\/Capture-decran-2023-11-21-a-08.58.07-184x300.png 184w, https:\/\/etrechyensembleetsolidaires.fr\/wp-content\/uploads\/2023\/11\/Capture-decran-2023-11-21-a-08.58.07-768x1254.png 768w, https:\/\/etrechyensembleetsolidaires.fr\/wp-content\/uploads\/2023\/11\/Capture-decran-2023-11-21-a-08.58.07.png 790w\" sizes=\"auto, (max-width: 627px) 100vw, 627px\" \/><\/figure>\n\n\n\n<figure class=\"wp-block-image size-large\"><img loading=\"lazy\" decoding=\"async\" width=\"618\" height=\"1024\" data-id=\"7499\" src=\"https:\/\/etrechyensembleetsolidaires.fr\/wp-content\/uploads\/2023\/11\/Capture-decran-2023-11-21-a-08.58.48-618x1024.png\" alt=\"\" class=\"wp-image-7499\" srcset=\"https:\/\/etrechyensembleetsolidaires.fr\/wp-content\/uploads\/2023\/11\/Capture-decran-2023-11-21-a-08.58.48-618x1024.png 618w, https:\/\/etrechyensembleetsolidaires.fr\/wp-content\/uploads\/2023\/11\/Capture-decran-2023-11-21-a-08.58.48-181x300.png 181w, https:\/\/etrechyensembleetsolidaires.fr\/wp-content\/uploads\/2023\/11\/Capture-decran-2023-11-21-a-08.58.48-768x1272.png 768w, https:\/\/etrechyensembleetsolidaires.fr\/wp-content\/uploads\/2023\/11\/Capture-decran-2023-11-21-a-08.58.48.png 802w\" sizes=\"auto, (max-width: 618px) 100vw, 618px\" \/><\/figure>\n\n\n\n<figure class=\"wp-block-image size-large\"><img loading=\"lazy\" decoding=\"async\" width=\"626\" height=\"1024\" data-id=\"7500\" src=\"https:\/\/etrechyensembleetsolidaires.fr\/wp-content\/uploads\/2023\/11\/Capture-decran-2023-11-21-a-08.58.31-626x1024.png\" alt=\"\" class=\"wp-image-7500\" srcset=\"https:\/\/etrechyensembleetsolidaires.fr\/wp-content\/uploads\/2023\/11\/Capture-decran-2023-11-21-a-08.58.31-626x1024.png 626w, https:\/\/etrechyensembleetsolidaires.fr\/wp-content\/uploads\/2023\/11\/Capture-decran-2023-11-21-a-08.58.31-183x300.png 183w, https:\/\/etrechyensembleetsolidaires.fr\/wp-content\/uploads\/2023\/11\/Capture-decran-2023-11-21-a-08.58.31-768x1256.png 768w, https:\/\/etrechyensembleetsolidaires.fr\/wp-content\/uploads\/2023\/11\/Capture-decran-2023-11-21-a-08.58.31.png 796w\" sizes=\"auto, (max-width: 626px) 100vw, 626px\" \/><\/figure>\n\n\n\n<figure class=\"wp-block-image size-large\"><img loading=\"lazy\" decoding=\"async\" width=\"626\" height=\"1024\" data-id=\"7503\" src=\"https:\/\/etrechyensembleetsolidaires.fr\/wp-content\/uploads\/2023\/11\/Capture-decran-2023-11-21-a-09.09.01-626x1024.png\" alt=\"\" class=\"wp-image-7503\" srcset=\"https:\/\/etrechyensembleetsolidaires.fr\/wp-content\/uploads\/2023\/11\/Capture-decran-2023-11-21-a-09.09.01-626x1024.png 626w, https:\/\/etrechyensembleetsolidaires.fr\/wp-content\/uploads\/2023\/11\/Capture-decran-2023-11-21-a-09.09.01-183x300.png 183w, https:\/\/etrechyensembleetsolidaires.fr\/wp-content\/uploads\/2023\/11\/Capture-decran-2023-11-21-a-09.09.01-768x1256.png 768w, https:\/\/etrechyensembleetsolidaires.fr\/wp-content\/uploads\/2023\/11\/Capture-decran-2023-11-21-a-09.09.01.png 778w\" sizes=\"auto, (max-width: 626px) 100vw, 626px\" \/><\/figure>\n<\/figure>\n\n\n\n<p>No\u00ebl arrive, les lutins vous ont montr\u00e9 une partie de leur travail. A vous de faire la suite.<\/p>\n\n\n\n<figure class=\"wp-block-image size-large\"><img loading=\"lazy\" decoding=\"async\" width=\"1024\" height=\"576\" src=\"https:\/\/etrechyensembleetsolidaires.fr\/wp-content\/uploads\/2023\/11\/crepiers--1024x576.jpg\" alt=\"\" class=\"wp-image-7520\" srcset=\"https:\/\/etrechyensembleetsolidaires.fr\/wp-content\/uploads\/2023\/11\/crepiers--1024x576.jpg 1024w, https:\/\/etrechyensembleetsolidaires.fr\/wp-content\/uploads\/2023\/11\/crepiers--300x169.jpg 300w, https:\/\/etrechyensembleetsolidaires.fr\/wp-content\/uploads\/2023\/11\/crepiers--768x432.jpg 768w, https:\/\/etrechyensembleetsolidaires.fr\/wp-content\/uploads\/2023\/11\/crepiers--1536x864.jpg 1536w, https:\/\/etrechyensembleetsolidaires.fr\/wp-content\/uploads\/2023\/11\/crepiers--2048x1153.jpg 2048w\" sizes=\"auto, (max-width: 1024px) 100vw, 1024px\" \/><\/figure>\n\n\n\n<figure class=\"wp-block-gallery has-nested-images columns-default is-cropped wp-block-gallery-10 is-layout-flex wp-block-gallery-is-layout-flex\">\n<figure class=\"wp-block-image size-large\"><a href=\"https:\/\/etrechyensembleetsolidaires.fr\/wp-content\/uploads\/2023\/11\/IMG_2675-scaled.jpg\"><img loading=\"lazy\" decoding=\"async\" width=\"1024\" height=\"768\" data-id=\"7481\" src=\"https:\/\/etrechyensembleetsolidaires.fr\/wp-content\/uploads\/2023\/11\/IMG_2675-1024x768.jpg\" alt=\"\" class=\"wp-image-7481\" srcset=\"https:\/\/etrechyensembleetsolidaires.fr\/wp-content\/uploads\/2023\/11\/IMG_2675-1024x768.jpg 1024w, https:\/\/etrechyensembleetsolidaires.fr\/wp-content\/uploads\/2023\/11\/IMG_2675-300x225.jpg 300w, https:\/\/etrechyensembleetsolidaires.fr\/wp-content\/uploads\/2023\/11\/IMG_2675-768x576.jpg 768w, https:\/\/etrechyensembleetsolidaires.fr\/wp-content\/uploads\/2023\/11\/IMG_2675-1536x1152.jpg 1536w, https:\/\/etrechyensembleetsolidaires.fr\/wp-content\/uploads\/2023\/11\/IMG_2675-2048x1536.jpg 2048w\" sizes=\"auto, (max-width: 1024px) 100vw, 1024px\" \/><\/a><\/figure>\n\n\n\n<figure class=\"wp-block-image size-large\"><a href=\"https:\/\/etrechyensembleetsolidaires.fr\/wp-content\/uploads\/2023\/11\/IMG_2650-scaled.jpg\"><img loading=\"lazy\" decoding=\"async\" width=\"1024\" height=\"768\" data-id=\"7488\" src=\"https:\/\/etrechyensembleetsolidaires.fr\/wp-content\/uploads\/2023\/11\/IMG_2650-1024x768.jpg\" alt=\"\" class=\"wp-image-7488\" srcset=\"https:\/\/etrechyensembleetsolidaires.fr\/wp-content\/uploads\/2023\/11\/IMG_2650-1024x768.jpg 1024w, https:\/\/etrechyensembleetsolidaires.fr\/wp-content\/uploads\/2023\/11\/IMG_2650-300x225.jpg 300w, https:\/\/etrechyensembleetsolidaires.fr\/wp-content\/uploads\/2023\/11\/IMG_2650-768x576.jpg 768w, https:\/\/etrechyensembleetsolidaires.fr\/wp-content\/uploads\/2023\/11\/IMG_2650-1536x1152.jpg 1536w, https:\/\/etrechyensembleetsolidaires.fr\/wp-content\/uploads\/2023\/11\/IMG_2650-2048x1536.jpg 2048w\" sizes=\"auto, (max-width: 1024px) 100vw, 1024px\" \/><\/a><\/figure>\n\n\n\n<figure class=\"wp-block-image size-large\"><a href=\"https:\/\/etrechyensembleetsolidaires.fr\/wp-content\/uploads\/2023\/11\/IMG_2674-scaled.jpg\"><img loading=\"lazy\" decoding=\"async\" width=\"1024\" height=\"768\" data-id=\"7482\" src=\"https:\/\/etrechyensembleetsolidaires.fr\/wp-content\/uploads\/2023\/11\/IMG_2674-1024x768.jpg\" alt=\"\" class=\"wp-image-7482\" srcset=\"https:\/\/etrechyensembleetsolidaires.fr\/wp-content\/uploads\/2023\/11\/IMG_2674-1024x768.jpg 1024w, https:\/\/etrechyensembleetsolidaires.fr\/wp-content\/uploads\/2023\/11\/IMG_2674-300x225.jpg 300w, https:\/\/etrechyensembleetsolidaires.fr\/wp-content\/uploads\/2023\/11\/IMG_2674-768x576.jpg 768w, https:\/\/etrechyensembleetsolidaires.fr\/wp-content\/uploads\/2023\/11\/IMG_2674-1536x1152.jpg 1536w, https:\/\/etrechyensembleetsolidaires.fr\/wp-content\/uploads\/2023\/11\/IMG_2674-2048x1536.jpg 2048w\" sizes=\"auto, (max-width: 1024px) 100vw, 1024px\" \/><\/a><\/figure>\n<\/figure>\n\n\n\n<hr class=\"wp-block-separator has-css-opacity is-style-default\"\/>\n\n\n<div class=\"wp-block-image is-style-rounded\">\n<figure class=\"aligncenter size-full\"><img loading=\"lazy\" decoding=\"async\" width=\"256\" height=\"238\" src=\"https:\/\/etrechyensembleetsolidaires.fr\/wp-content\/uploads\/2023\/09\/Capture-decran-2023-11-06-a-10.05.32.png\" alt=\"\" class=\"wp-image-7397\"\/><\/figure><\/div>\n\n\n<blockquote class=\"wp-block-quote has-text-align-center is-style-large is-layout-flow wp-block-quote-is-layout-flow\">\n<p>\u00ab&nbsp;Bonnes f\u00eates de fin d&rsquo;ann\u00e9e. Rendez-vous l&rsquo;ann\u00e9e prochaine pour red\u00e9couvrir l&rsquo;atelier des lutins accompagn\u00e9 par les artisans-cr\u00e9ateurs.&nbsp;\u00bb<\/p>\n<cite>Lutine Toupy   <\/cite><\/blockquote>\n\n\n\n<hr class=\"wp-block-separator has-css-opacity is-style-default\"\/>\n","protected":false},"excerpt":{"rendered":"<p>Un dimanche 19 novembre des lutins qui ont investi le village d&rsquo;Auvers Saint Georges et mesur\u00e9 la cadence, cr\u00e9ant, ici [&hellip;]<\/p>\n","protected":false},"author":4,"featured_media":7513,"comment_status":"open","ping_status":"open","sticky":false,"template":"","format":"standard","meta":{"footnotes":""},"categories":[3],"tags":[],"class_list":["post-7444","post","type-post","status-publish","format-standard","has-post-thumbnail","hentry","category-association"],"_links":{"self":[{"href":"https:\/\/etrechyensembleetsolidaires.fr\/index.php\/wp-json\/wp\/v2\/posts\/7444","targetHints":{"allow":["GET"]}}],"collection":[{"href":"https:\/\/etrechyensembleetsolidaires.fr\/index.php\/wp-json\/wp\/v2\/posts"}],"about":[{"href":"https:\/\/etrechyensembleetsolidaires.fr\/index.php\/wp-json\/wp\/v2\/types\/post"}],"author":[{"embeddable":true,"href":"https:\/\/etrechyensembleetsolidaires.fr\/index.php\/wp-json\/wp\/v2\/users\/4"}],"replies":[{"embeddable":true,"href":"https:\/\/etrechyensembleetsolidaires.fr\/index.php\/wp-json\/wp\/v2\/comments?post=7444"}],"version-history":[{"count":20,"href":"https:\/\/etrechyensembleetsolidaires.fr\/index.php\/wp-json\/wp\/v2\/posts\/7444\/revisions"}],"predecessor-version":[{"id":7661,"href":"https:\/\/etrechyensembleetsolidaires.fr\/index.php\/wp-json\/wp\/v2\/posts\/7444\/revisions\/7661"}],"wp:featuredmedia":[{"embeddable":true,"href":"https:\/\/etrechyensembleetsolidaires.fr\/index.php\/wp-json\/wp\/v2\/media\/7513"}],"wp:attachment":[{"href":"https:\/\/etrechyensembleetsolidaires.fr\/index.php\/wp-json\/wp\/v2\/media?parent=7444"}],"wp:term":[{"taxonomy":"category","embeddable":true,"href":"https:\/\/etrechyensembleetsolidaires.fr\/index.php\/wp-json\/wp\/v2\/categories?post=7444"},{"taxonomy":"post_tag","embeddable":true,"href":"https:\/\/etrechyensembleetsolidaires.fr\/index.php\/wp-json\/wp\/v2\/tags?post=7444"}],"curies":[{"name":"wp","href":"https:\/\/api.w.org\/{rel}","templated":true}]}}