{"id":7350,"date":"2023-10-30T11:00:28","date_gmt":"2023-10-30T10:00:28","guid":{"rendered":"https:\/\/etrechyensembleetsolidaires.fr\/?p=7350"},"modified":"2023-11-07T17:31:38","modified_gmt":"2023-11-07T16:31:38","slug":"les-lutins-sortent-du-bois","status":"publish","type":"post","link":"https:\/\/etrechyensembleetsolidaires.fr\/index.php\/2023\/10\/30\/les-lutins-sortent-du-bois\/","title":{"rendered":"les lutins sortent du bois"},"content":{"rendered":"\n<p>Les lutins sont sortis du bois et pr\u00e9parent les ateliers pour accueillir les enfants de tous \u00e2ges. <\/p>\n\n\n<div class=\"wp-block-image\">\n<figure class=\"aligncenter size-large is-resized\"><img loading=\"lazy\" decoding=\"async\" src=\"https:\/\/etrechyensembleetsolidaires.fr\/wp-content\/uploads\/2023\/10\/flyer-lutins-S30-pdf-724x1024.jpg\" alt=\"\" class=\"wp-image-7352\" width=\"360\" height=\"509\"\/><\/figure><\/div>\n\n\n<p>Ils auront besoin de vous pour fabriquer guirlandes, boules, d\u00e9corations et pour confectionner les friandises \u00e0 d\u00e9guster, ainsi que pour participer \u00e0 d\u2019autres activit\u00e9s surprises. <\/p>\n\n\n\n<p>P\u00e8re et m\u00e8re No\u00ebl, quant \u00e0 eux, seront occup\u00e9s \u00e0 distribuer des gourmandises et \u00e0 raconter des histoires, tandis que lutin Tincelle vous guidera vers son espace de repos musical.<\/p>\n\n\n\n<p>Les lutins ne seront pas seuls\u00a0<strong>Dimanche 19 Novembre<\/strong>\u00a0autour de la mairie d\u2019Auvers-St-Georges. En plus des activit\u00e9s propos\u00e9es par les petites femmes et petits hommes verts, vous trouverez autour des sapins de la place : jouets, cosm\u00e9tiques et savons solides, bijoux, c\u00e9ramique d\u00e9corative et fonctionnelle, objets faits mains ou \u00e0 petits prix, des \u00e9pices, des moutardes, des miels, des huiles et des tisanes originales. Et pour les gourmands : des pr\u00e9parations de g\u00e2teaux et de desserts festifs. Vous y rencontrerez M\u00e8re et P\u00e8re No\u00ebl, ainsi que Monsieur Loyal qui proposera des jeux aux enfants.<\/p>\n\n\n<div class=\"wp-block-image\">\n<figure class=\"aligncenter size-large is-resized\"><img loading=\"lazy\" decoding=\"async\" src=\"https:\/\/etrechyensembleetsolidaires.fr\/wp-content\/uploads\/2023\/11\/Capture-decran-2023-10-30-a-11.02.18-1024x852.png\" alt=\"\" class=\"wp-image-7400\" width=\"517\" height=\"429\" srcset=\"https:\/\/etrechyensembleetsolidaires.fr\/wp-content\/uploads\/2023\/11\/Capture-decran-2023-10-30-a-11.02.18-1024x852.png 1024w, https:\/\/etrechyensembleetsolidaires.fr\/wp-content\/uploads\/2023\/11\/Capture-decran-2023-10-30-a-11.02.18-300x250.png 300w, https:\/\/etrechyensembleetsolidaires.fr\/wp-content\/uploads\/2023\/11\/Capture-decran-2023-10-30-a-11.02.18-768x639.png 768w, https:\/\/etrechyensembleetsolidaires.fr\/wp-content\/uploads\/2023\/11\/Capture-decran-2023-10-30-a-11.02.18.png 1462w\" sizes=\"auto, (max-width: 517px) 100vw, 517px\" \/><\/figure><\/div>\n\n\n<p><strong>Une buvette sera ouverte pour vous d\u00e9salt\u00e9rer et une formule repas sera propos\u00e9e avec des produits locaux et de saison<\/strong>. Vous pourrez vous r\u00e9chauffer en d\u00e9gustant un <strong>vin chaud<\/strong> et en savourant une <strong>cr\u00eape<\/strong> confectionn\u00e9e avec savoir-faire.<\/p>\n\n\n\n<p>Venez nombreux vous pr\u00e9parer aux f\u00eates de fin d\u2019ann\u00e9e.<\/p>\n","protected":false},"excerpt":{"rendered":"<p>Les lutins sont sortis du bois et pr\u00e9parent les ateliers pour accueillir les enfants de tous \u00e2ges. Ils auront besoin [&hellip;]<\/p>\n","protected":false},"author":2,"featured_media":7355,"comment_status":"open","ping_status":"open","sticky":false,"template":"","format":"standard","meta":{"footnotes":""},"categories":[3],"tags":[],"class_list":["post-7350","post","type-post","status-publish","format-standard","has-post-thumbnail","hentry","category-association"],"_links":{"self":[{"href":"https:\/\/etrechyensembleetsolidaires.fr\/index.php\/wp-json\/wp\/v2\/posts\/7350","targetHints":{"allow":["GET"]}}],"collection":[{"href":"https:\/\/etrechyensembleetsolidaires.fr\/index.php\/wp-json\/wp\/v2\/posts"}],"about":[{"href":"https:\/\/etrechyensembleetsolidaires.fr\/index.php\/wp-json\/wp\/v2\/types\/post"}],"author":[{"embeddable":true,"href":"https:\/\/etrechyensembleetsolidaires.fr\/index.php\/wp-json\/wp\/v2\/users\/2"}],"replies":[{"embeddable":true,"href":"https:\/\/etrechyensembleetsolidaires.fr\/index.php\/wp-json\/wp\/v2\/comments?post=7350"}],"version-history":[{"count":4,"href":"https:\/\/etrechyensembleetsolidaires.fr\/index.php\/wp-json\/wp\/v2\/posts\/7350\/revisions"}],"predecessor-version":[{"id":7401,"href":"https:\/\/etrechyensembleetsolidaires.fr\/index.php\/wp-json\/wp\/v2\/posts\/7350\/revisions\/7401"}],"wp:featuredmedia":[{"embeddable":true,"href":"https:\/\/etrechyensembleetsolidaires.fr\/index.php\/wp-json\/wp\/v2\/media\/7355"}],"wp:attachment":[{"href":"https:\/\/etrechyensembleetsolidaires.fr\/index.php\/wp-json\/wp\/v2\/media?parent=7350"}],"wp:term":[{"taxonomy":"category","embeddable":true,"href":"https:\/\/etrechyensembleetsolidaires.fr\/index.php\/wp-json\/wp\/v2\/categories?post=7350"},{"taxonomy":"post_tag","embeddable":true,"href":"https:\/\/etrechyensembleetsolidaires.fr\/index.php\/wp-json\/wp\/v2\/tags?post=7350"}],"curies":[{"name":"wp","href":"https:\/\/api.w.org\/{rel}","templated":true}]}}