{"id":7099,"date":"2023-09-24T21:15:55","date_gmt":"2023-09-24T19:15:55","guid":{"rendered":"https:\/\/etrechyensembleetsolidaires.fr\/?p=7099"},"modified":"2023-09-25T11:46:17","modified_gmt":"2023-09-25T09:46:17","slug":"evep-2023-un-focus-sur-la-pollution-du-megot","status":"publish","type":"post","link":"https:\/\/etrechyensembleetsolidaires.fr\/index.php\/2023\/09\/24\/evep-2023-un-focus-sur-la-pollution-du-megot\/","title":{"rendered":"EVEP 2023 : un focus sur la pollution du m\u00e9got"},"content":{"rendered":"\n<p>8h00 les b\u00e9n\u00e9voles installaient les barnums, le petit d\u00e9jeuner, pour un accueil \u00e0 8h30, avec 6\u00b0C de temp\u00e9rature le caf\u00e9 chaud nous a mis d\u2019entrain.<\/p>\n\n\n\n<p>Les enfants sont arriv\u00e9s vers 9h00 et l\u2019atelier de cr\u00e9ation des pinces a pu d\u00e9marrer, avec des adultes aussi int\u00e9ress\u00e9s que les enfants. Un seul mod\u00e8le a suffi pour que les b\u00e9n\u00e9voles se passent l\u2019information. Ainsi 10 pinces furent mont\u00e9es dans la bonne humeur avec parfois un retour sur la table pour reprendre du cake confectionn\u00e9 par Lulu, Isabelle dans une d\u00e9clinaison citron, des g\u00e2teaux d\u2019Ingrid, du chocolat chaud par Fanny et ce bon caf\u00e9 chaud de Fran\u00e7oise.&nbsp;<\/p>\n\n\n\n<figure class=\"wp-block-gallery has-nested-images columns-default is-cropped wp-block-gallery-1 is-layout-flex wp-block-gallery-is-layout-flex\">\n<figure class=\"wp-block-image size-large\"><a href=\"https:\/\/etrechyensembleetsolidaires.fr\/wp-content\/uploads\/2021\/02\/IMG_2208-1-scaled.jpg\"><img loading=\"lazy\" decoding=\"async\" width=\"1024\" height=\"768\" data-id=\"7122\" src=\"https:\/\/etrechyensembleetsolidaires.fr\/wp-content\/uploads\/2021\/02\/IMG_2208-1-1024x768.jpg\" alt=\"\" class=\"wp-image-7122\" srcset=\"https:\/\/etrechyensembleetsolidaires.fr\/wp-content\/uploads\/2021\/02\/IMG_2208-1-1024x768.jpg 1024w, https:\/\/etrechyensembleetsolidaires.fr\/wp-content\/uploads\/2021\/02\/IMG_2208-1-300x225.jpg 300w, https:\/\/etrechyensembleetsolidaires.fr\/wp-content\/uploads\/2021\/02\/IMG_2208-1-768x576.jpg 768w, https:\/\/etrechyensembleetsolidaires.fr\/wp-content\/uploads\/2021\/02\/IMG_2208-1-1536x1152.jpg 1536w, https:\/\/etrechyensembleetsolidaires.fr\/wp-content\/uploads\/2021\/02\/IMG_2208-1-2048x1536.jpg 2048w\" sizes=\"auto, (max-width: 1024px) 100vw, 1024px\" \/><\/a><\/figure>\n\n\n\n<figure class=\"wp-block-image size-large\"><a href=\"https:\/\/etrechyensembleetsolidaires.fr\/wp-content\/uploads\/2021\/02\/IMG_2205-scaled.jpg\"><img loading=\"lazy\" decoding=\"async\" width=\"768\" height=\"1024\" data-id=\"7121\" src=\"https:\/\/etrechyensembleetsolidaires.fr\/wp-content\/uploads\/2021\/02\/IMG_2205-768x1024.jpg\" alt=\"\" class=\"wp-image-7121\" srcset=\"https:\/\/etrechyensembleetsolidaires.fr\/wp-content\/uploads\/2021\/02\/IMG_2205-768x1024.jpg 768w, https:\/\/etrechyensembleetsolidaires.fr\/wp-content\/uploads\/2021\/02\/IMG_2205-225x300.jpg 225w, https:\/\/etrechyensembleetsolidaires.fr\/wp-content\/uploads\/2021\/02\/IMG_2205-1152x1536.jpg 1152w, https:\/\/etrechyensembleetsolidaires.fr\/wp-content\/uploads\/2021\/02\/IMG_2205-1536x2048.jpg 1536w, https:\/\/etrechyensembleetsolidaires.fr\/wp-content\/uploads\/2021\/02\/IMG_2205-scaled.jpg 1920w\" sizes=\"auto, (max-width: 768px) 100vw, 768px\" \/><\/a><\/figure>\n\n\n\n<figure class=\"wp-block-image size-large\"><a href=\"https:\/\/etrechyensembleetsolidaires.fr\/wp-content\/uploads\/2021\/02\/WhatsApp-Image-2023-09-24-at-14.46.00.jpeg\"><img loading=\"lazy\" decoding=\"async\" width=\"768\" height=\"1024\" data-id=\"7117\" src=\"https:\/\/etrechyensembleetsolidaires.fr\/wp-content\/uploads\/2021\/02\/WhatsApp-Image-2023-09-24-at-14.46.00.jpeg\" alt=\"\" class=\"wp-image-7117\" srcset=\"https:\/\/etrechyensembleetsolidaires.fr\/wp-content\/uploads\/2021\/02\/WhatsApp-Image-2023-09-24-at-14.46.00.jpeg 768w, https:\/\/etrechyensembleetsolidaires.fr\/wp-content\/uploads\/2021\/02\/WhatsApp-Image-2023-09-24-at-14.46.00-225x300.jpeg 225w\" sizes=\"auto, (max-width: 768px) 100vw, 768px\" \/><\/a><\/figure>\n\n\n\n<figure class=\"wp-block-image size-large\"><a href=\"https:\/\/etrechyensembleetsolidaires.fr\/wp-content\/uploads\/2021\/02\/IMG_2203-scaled.jpg\"><img loading=\"lazy\" decoding=\"async\" width=\"1024\" height=\"768\" data-id=\"7120\" src=\"https:\/\/etrechyensembleetsolidaires.fr\/wp-content\/uploads\/2021\/02\/IMG_2203-1024x768.jpg\" alt=\"\" class=\"wp-image-7120\" srcset=\"https:\/\/etrechyensembleetsolidaires.fr\/wp-content\/uploads\/2021\/02\/IMG_2203-1024x768.jpg 1024w, https:\/\/etrechyensembleetsolidaires.fr\/wp-content\/uploads\/2021\/02\/IMG_2203-300x225.jpg 300w, https:\/\/etrechyensembleetsolidaires.fr\/wp-content\/uploads\/2021\/02\/IMG_2203-768x576.jpg 768w, https:\/\/etrechyensembleetsolidaires.fr\/wp-content\/uploads\/2021\/02\/IMG_2203-1536x1152.jpg 1536w, https:\/\/etrechyensembleetsolidaires.fr\/wp-content\/uploads\/2021\/02\/IMG_2203-2048x1536.jpg 2048w\" sizes=\"auto, (max-width: 1024px) 100vw, 1024px\" \/><\/a><\/figure>\n<\/figure>\n\n\n\n<p>Les pinces mont\u00e9es, il \u00e9tait temps de lancer les groupes de nettoyeurs. Un gros groupe vers la zone industrielle (route passant par le restaurant safari) et un groupe compos\u00e9 des enfants dont l\u2019objectif \u00e9tait la sensibilisation \u00e0 ces m\u00e9gots jonchant le parc de la Juine et sur la boucle passant par le moulin de vaux. C\u2019\u00e9tait grignoter un peu sur le territoire d\u2019Auvers, mais je pense qu\u2019on nous pardonnera cela.<\/p>\n\n\n\n<figure class=\"wp-block-gallery has-nested-images columns-default is-cropped wp-block-gallery-2 is-layout-flex wp-block-gallery-is-layout-flex\">\n<figure class=\"wp-block-image size-large\"><a href=\"https:\/\/etrechyensembleetsolidaires.fr\/wp-content\/uploads\/2021\/02\/WhatsApp-Image-2023-09-24-at-14.46.00-2.jpeg\"><img loading=\"lazy\" decoding=\"async\" width=\"768\" height=\"1024\" data-id=\"7116\" src=\"https:\/\/etrechyensembleetsolidaires.fr\/wp-content\/uploads\/2021\/02\/WhatsApp-Image-2023-09-24-at-14.46.00-2.jpeg\" alt=\"\" class=\"wp-image-7116\" srcset=\"https:\/\/etrechyensembleetsolidaires.fr\/wp-content\/uploads\/2021\/02\/WhatsApp-Image-2023-09-24-at-14.46.00-2.jpeg 768w, https:\/\/etrechyensembleetsolidaires.fr\/wp-content\/uploads\/2021\/02\/WhatsApp-Image-2023-09-24-at-14.46.00-2-225x300.jpeg 225w\" sizes=\"auto, (max-width: 768px) 100vw, 768px\" \/><\/a><\/figure>\n\n\n\n<figure class=\"wp-block-image size-large\"><a href=\"https:\/\/etrechyensembleetsolidaires.fr\/wp-content\/uploads\/2021\/02\/IMG_2217-scaled.jpg\"><img loading=\"lazy\" decoding=\"async\" width=\"768\" height=\"1024\" data-id=\"7105\" src=\"https:\/\/etrechyensembleetsolidaires.fr\/wp-content\/uploads\/2021\/02\/IMG_2217-768x1024.jpg\" alt=\"\" class=\"wp-image-7105\" srcset=\"https:\/\/etrechyensembleetsolidaires.fr\/wp-content\/uploads\/2021\/02\/IMG_2217-768x1024.jpg 768w, https:\/\/etrechyensembleetsolidaires.fr\/wp-content\/uploads\/2021\/02\/IMG_2217-225x300.jpg 225w, https:\/\/etrechyensembleetsolidaires.fr\/wp-content\/uploads\/2021\/02\/IMG_2217-1152x1536.jpg 1152w, https:\/\/etrechyensembleetsolidaires.fr\/wp-content\/uploads\/2021\/02\/IMG_2217-1536x2048.jpg 1536w, https:\/\/etrechyensembleetsolidaires.fr\/wp-content\/uploads\/2021\/02\/IMG_2217-scaled.jpg 1920w\" sizes=\"auto, (max-width: 768px) 100vw, 768px\" \/><\/a><\/figure>\n\n\n\n<figure class=\"wp-block-image size-large\"><a href=\"https:\/\/etrechyensembleetsolidaires.fr\/wp-content\/uploads\/2021\/02\/IMG_2215-scaled.jpg\"><img loading=\"lazy\" decoding=\"async\" width=\"768\" height=\"1024\" data-id=\"7103\" src=\"https:\/\/etrechyensembleetsolidaires.fr\/wp-content\/uploads\/2021\/02\/IMG_2215-768x1024.jpg\" alt=\"\" class=\"wp-image-7103\" srcset=\"https:\/\/etrechyensembleetsolidaires.fr\/wp-content\/uploads\/2021\/02\/IMG_2215-768x1024.jpg 768w, https:\/\/etrechyensembleetsolidaires.fr\/wp-content\/uploads\/2021\/02\/IMG_2215-225x300.jpg 225w, https:\/\/etrechyensembleetsolidaires.fr\/wp-content\/uploads\/2021\/02\/IMG_2215-1152x1536.jpg 1152w, https:\/\/etrechyensembleetsolidaires.fr\/wp-content\/uploads\/2021\/02\/IMG_2215-1536x2048.jpg 1536w, https:\/\/etrechyensembleetsolidaires.fr\/wp-content\/uploads\/2021\/02\/IMG_2215-scaled.jpg 1920w\" sizes=\"auto, (max-width: 768px) 100vw, 768px\" \/><\/a><\/figure>\n\n\n\n<figure class=\"wp-block-image size-large\"><a href=\"https:\/\/etrechyensembleetsolidaires.fr\/wp-content\/uploads\/2021\/02\/WhatsApp-Image-2023-09-24-at-13.12.44.jpeg\"><img loading=\"lazy\" decoding=\"async\" width=\"768\" height=\"1024\" data-id=\"7114\" src=\"https:\/\/etrechyensembleetsolidaires.fr\/wp-content\/uploads\/2021\/02\/WhatsApp-Image-2023-09-24-at-13.12.44.jpeg\" alt=\"\" class=\"wp-image-7114\" srcset=\"https:\/\/etrechyensembleetsolidaires.fr\/wp-content\/uploads\/2021\/02\/WhatsApp-Image-2023-09-24-at-13.12.44.jpeg 768w, https:\/\/etrechyensembleetsolidaires.fr\/wp-content\/uploads\/2021\/02\/WhatsApp-Image-2023-09-24-at-13.12.44-225x300.jpeg 225w\" sizes=\"auto, (max-width: 768px) 100vw, 768px\" \/><\/a><\/figure>\n<\/figure>\n\n\n\n<p class=\"has-vivid-red-color has-text-color\"><strong>Circuit du parc de la juine:<\/strong><\/p>\n\n\n\n<p>Ce que l\u2019on remarque tr\u00e8s vite, c\u2019est que si on rencontre peu de m\u00e9gots sur le circuit p\u00e9destre, 70% se trouve pr\u00e8s des bancs en bois, 20% sur les parkings et 10% le long de ces chemins et routes. Pendant le circuit les enfants sont sensibilis\u00e9s aux chiffres tournant sur la cigarette (dur\u00e9e de vie avant d\u00e9gradation, quantit\u00e9, effet toxiques etc\u2026). Mais surtout ils d\u00e9couvrent le plaisir du tri selectif , avec le sac \u00e0 m\u00e9gots ou le sacs d\u00e9chets banals si ce n\u2019est pas un m\u00e9got et tout cela avec la pince qu\u2019ils ont eux-m\u00eames confectionn\u00e9e. Le r\u00e9sultat de la collecte sera \u00e9difiant , environ 500 gr\u00a0<\/p>\n\n\n\n<p>Les chiffres sur internet (<a href=\"https:\/\/www.megot.com\/le-megot-en-quelques-chiffres\/\">https:\/\/www.megot.com\/le-megot-en-quelques-chiffres\/<\/a>) 40 milliard de megots = 25000 tonnes&nbsp;<\/p>\n\n\n\n<p>On estime \u00e0 800 le nombre de m\u00e9gots (dans le tri selectif et dans le tri tout venant&nbsp;) collect\u00e9s ce jour.<\/p>\n\n\n\n<p>En plus des m\u00e9gots trouv\u00e9s, de nombreuses canettes en aluminium et des petites bouteilles en verres sont retrouv\u00e9es dans les foss\u00e9s le long de la juine. C\u2019est donc pour ce groupe la diversit\u00e9 de sa collecte.&nbsp;<\/p>\n\n\n\n<figure class=\"wp-block-gallery has-nested-images columns-default is-cropped wp-block-gallery-3 is-layout-flex wp-block-gallery-is-layout-flex\">\n<figure class=\"wp-block-image size-large\"><a href=\"https:\/\/etrechyensembleetsolidaires.fr\/wp-content\/uploads\/2021\/02\/IMG_2230-scaled.jpg\"><img loading=\"lazy\" decoding=\"async\" width=\"1024\" height=\"768\" data-id=\"7111\" src=\"https:\/\/etrechyensembleetsolidaires.fr\/wp-content\/uploads\/2021\/02\/IMG_2230-1024x768.jpg\" alt=\"\" class=\"wp-image-7111\" srcset=\"https:\/\/etrechyensembleetsolidaires.fr\/wp-content\/uploads\/2021\/02\/IMG_2230-1024x768.jpg 1024w, https:\/\/etrechyensembleetsolidaires.fr\/wp-content\/uploads\/2021\/02\/IMG_2230-300x225.jpg 300w, https:\/\/etrechyensembleetsolidaires.fr\/wp-content\/uploads\/2021\/02\/IMG_2230-768x576.jpg 768w, https:\/\/etrechyensembleetsolidaires.fr\/wp-content\/uploads\/2021\/02\/IMG_2230-1536x1152.jpg 1536w, https:\/\/etrechyensembleetsolidaires.fr\/wp-content\/uploads\/2021\/02\/IMG_2230-2048x1536.jpg 2048w\" sizes=\"auto, (max-width: 1024px) 100vw, 1024px\" \/><\/a><\/figure>\n\n\n\n<figure class=\"wp-block-image size-large\"><a href=\"https:\/\/etrechyensembleetsolidaires.fr\/wp-content\/uploads\/2021\/02\/IMG_2229-scaled.jpg\"><img loading=\"lazy\" decoding=\"async\" width=\"768\" height=\"1024\" data-id=\"7110\" src=\"https:\/\/etrechyensembleetsolidaires.fr\/wp-content\/uploads\/2021\/02\/IMG_2229-768x1024.jpg\" alt=\"\" class=\"wp-image-7110\" srcset=\"https:\/\/etrechyensembleetsolidaires.fr\/wp-content\/uploads\/2021\/02\/IMG_2229-768x1024.jpg 768w, https:\/\/etrechyensembleetsolidaires.fr\/wp-content\/uploads\/2021\/02\/IMG_2229-225x300.jpg 225w, https:\/\/etrechyensembleetsolidaires.fr\/wp-content\/uploads\/2021\/02\/IMG_2229-1152x1536.jpg 1152w, https:\/\/etrechyensembleetsolidaires.fr\/wp-content\/uploads\/2021\/02\/IMG_2229-1536x2048.jpg 1536w, https:\/\/etrechyensembleetsolidaires.fr\/wp-content\/uploads\/2021\/02\/IMG_2229-scaled.jpg 1920w\" sizes=\"auto, (max-width: 768px) 100vw, 768px\" \/><\/a><\/figure>\n<\/figure>\n\n\n\n<p class=\"has-vivid-red-color has-text-color\"><strong>Circuit allant du parc de la juine vers la Communaut\u00e9 de Communes en s\u2019arr\u00eatant au pont des basses prasles :<\/strong><\/p>\n\n\n\n<p>Assez peu de m\u00e9gots mais beaucoup de plastique, de bidons, de cartonage, de tuyaux. On estimera cette collecte \u00e0 environ 75 kg sans compter le caddy de lidl trouv\u00e9 et ramen\u00e9 \u00e0 son propri\u00e9taire. Nous sommes loin des 3 tonnes collect\u00e9es en 2021 o\u00f9 nous \u00e9tions plus nombreux il y avait plus de secteurs couverts et la collecte avait commenc\u00e9e \u00e0 8h30. C\u2019est donc un gros progr\u00e8s que nous constatons pour ce secteur de notre ville, il y a nettement moins de d\u00e9chets, la vigilance est l\u00e0, les bons r\u00e9flexes aussi.&nbsp;<\/p>\n\n\n\n<figure class=\"wp-block-gallery has-nested-images columns-default is-cropped wp-block-gallery-4 is-layout-flex wp-block-gallery-is-layout-flex\">\n<figure class=\"wp-block-image size-large\"><a href=\"https:\/\/etrechyensembleetsolidaires.fr\/wp-content\/uploads\/2021\/02\/IMG_2224-scaled.jpg\"><img loading=\"lazy\" decoding=\"async\" width=\"768\" height=\"1024\" data-id=\"7107\" src=\"https:\/\/etrechyensembleetsolidaires.fr\/wp-content\/uploads\/2021\/02\/IMG_2224-768x1024.jpg\" alt=\"\" class=\"wp-image-7107\" srcset=\"https:\/\/etrechyensembleetsolidaires.fr\/wp-content\/uploads\/2021\/02\/IMG_2224-768x1024.jpg 768w, https:\/\/etrechyensembleetsolidaires.fr\/wp-content\/uploads\/2021\/02\/IMG_2224-225x300.jpg 225w, https:\/\/etrechyensembleetsolidaires.fr\/wp-content\/uploads\/2021\/02\/IMG_2224-1152x1536.jpg 1152w, https:\/\/etrechyensembleetsolidaires.fr\/wp-content\/uploads\/2021\/02\/IMG_2224-1536x2048.jpg 1536w, https:\/\/etrechyensembleetsolidaires.fr\/wp-content\/uploads\/2021\/02\/IMG_2224-scaled.jpg 1920w\" sizes=\"auto, (max-width: 768px) 100vw, 768px\" \/><\/a><\/figure>\n\n\n\n<figure class=\"wp-block-image size-large\"><a href=\"https:\/\/etrechyensembleetsolidaires.fr\/wp-content\/uploads\/2021\/02\/IMG_2223-scaled.jpg\"><img loading=\"lazy\" decoding=\"async\" width=\"768\" height=\"1024\" data-id=\"7106\" src=\"https:\/\/etrechyensembleetsolidaires.fr\/wp-content\/uploads\/2021\/02\/IMG_2223-768x1024.jpg\" alt=\"\" class=\"wp-image-7106\" srcset=\"https:\/\/etrechyensembleetsolidaires.fr\/wp-content\/uploads\/2021\/02\/IMG_2223-768x1024.jpg 768w, https:\/\/etrechyensembleetsolidaires.fr\/wp-content\/uploads\/2021\/02\/IMG_2223-225x300.jpg 225w, https:\/\/etrechyensembleetsolidaires.fr\/wp-content\/uploads\/2021\/02\/IMG_2223-1152x1536.jpg 1152w, https:\/\/etrechyensembleetsolidaires.fr\/wp-content\/uploads\/2021\/02\/IMG_2223-1536x2048.jpg 1536w, https:\/\/etrechyensembleetsolidaires.fr\/wp-content\/uploads\/2021\/02\/IMG_2223-scaled.jpg 1920w\" sizes=\"auto, (max-width: 768px) 100vw, 768px\" \/><\/a><\/figure>\n<\/figure>\n\n\n\n<figure class=\"wp-block-image size-large\"><a href=\"https:\/\/etrechyensembleetsolidaires.fr\/wp-content\/uploads\/2021\/02\/IMG_2227-1-scaled.jpg\"><img loading=\"lazy\" decoding=\"async\" width=\"1024\" height=\"768\" src=\"https:\/\/etrechyensembleetsolidaires.fr\/wp-content\/uploads\/2021\/02\/IMG_2227-1-1024x768.jpg\" alt=\"\" class=\"wp-image-7123\" srcset=\"https:\/\/etrechyensembleetsolidaires.fr\/wp-content\/uploads\/2021\/02\/IMG_2227-1-1024x768.jpg 1024w, https:\/\/etrechyensembleetsolidaires.fr\/wp-content\/uploads\/2021\/02\/IMG_2227-1-300x225.jpg 300w, https:\/\/etrechyensembleetsolidaires.fr\/wp-content\/uploads\/2021\/02\/IMG_2227-1-768x576.jpg 768w, https:\/\/etrechyensembleetsolidaires.fr\/wp-content\/uploads\/2021\/02\/IMG_2227-1-1536x1152.jpg 1536w, https:\/\/etrechyensembleetsolidaires.fr\/wp-content\/uploads\/2021\/02\/IMG_2227-1-2048x1536.jpg 2048w\" sizes=\"auto, (max-width: 1024px) 100vw, 1024px\" \/><\/a><\/figure>\n\n\n\n<p><strong>Moments de convivialit\u00e9 de ce jour :<\/strong><\/p>\n\n\n\n<ul class=\"wp-block-list\">\n<li>De retour vers nos barnums sous un beau soleil, ce fut le moment propice pour le quizz que certains ont brillamment r\u00e9ussi . Nous en profitons (cadeau\u2026) pour vous le mettre en ligne il suffira d\u2019y mettre votre pr\u00e9nom de r\u00e9pondre \u00e0 8 questions et vous laisser guider : <a href=\"https:\/\/qruiz.net\/quiz-answer-step.php?code=x2DFwgAT\">https:\/\/qruiz.net\/quiz-answer-step.php?code=x2DFwgAT<\/a><\/li>\n\n\n\n<li>Le pot de l\u2019amiti\u00e9, devenu coutume \u00e0 Etr\u00e9chy Ensemble et Solidaires a permis de d\u00e9guster les quiches et g\u00e2teaux confectionn\u00e9s par H\u00e9l\u00e8ne, Michel, Andr\u00e9 et d\u00e9cerner les dipl\u00f4mes \u00e0 nos jeunes \u00e9co-citoyens.<\/li>\n<\/ul>\n\n\n<div class=\"wp-block-image\">\n<figure class=\"aligncenter size-large is-resized\"><a href=\"https:\/\/etrechyensembleetsolidaires.fr\/wp-content\/uploads\/2021\/02\/IMG_2236-1-scaled.jpg\"><img loading=\"lazy\" decoding=\"async\" src=\"https:\/\/etrechyensembleetsolidaires.fr\/wp-content\/uploads\/2021\/02\/IMG_2236-1-1024x768.jpg\" alt=\"\" class=\"wp-image-7124\" width=\"568\" height=\"426\" srcset=\"https:\/\/etrechyensembleetsolidaires.fr\/wp-content\/uploads\/2021\/02\/IMG_2236-1-1024x768.jpg 1024w, https:\/\/etrechyensembleetsolidaires.fr\/wp-content\/uploads\/2021\/02\/IMG_2236-1-300x225.jpg 300w, https:\/\/etrechyensembleetsolidaires.fr\/wp-content\/uploads\/2021\/02\/IMG_2236-1-768x576.jpg 768w, https:\/\/etrechyensembleetsolidaires.fr\/wp-content\/uploads\/2021\/02\/IMG_2236-1-1536x1152.jpg 1536w, https:\/\/etrechyensembleetsolidaires.fr\/wp-content\/uploads\/2021\/02\/IMG_2236-1-2048x1536.jpg 2048w\" sizes=\"auto, (max-width: 568px) 100vw, 568px\" \/><\/a><\/figure><\/div>\n\n\n<ul class=\"wp-block-list\">\n<li>Lors de la collecte, quel meilleur signe que de croiser la route de la voiture du c\u00e9l\u00e8bre film \u00ab\u00a0retour vers le futur\u00a0\u00bb dont le carburant \u00e9tait \u00e9labor\u00e9 \u00e0 partir de d\u00e9chets (syst\u00e8me Mr. Fusion)<\/li>\n<\/ul>\n\n\n<div class=\"wp-block-image\">\n<figure class=\"aligncenter size-large is-resized\"><a href=\"https:\/\/etrechyensembleetsolidaires.fr\/wp-content\/uploads\/2021\/02\/IMG_2226-scaled.jpg\"><img loading=\"lazy\" decoding=\"async\" src=\"https:\/\/etrechyensembleetsolidaires.fr\/wp-content\/uploads\/2021\/02\/IMG_2226-1024x768.jpg\" alt=\"\" class=\"wp-image-7108\" width=\"556\" height=\"417\" srcset=\"https:\/\/etrechyensembleetsolidaires.fr\/wp-content\/uploads\/2021\/02\/IMG_2226-1024x768.jpg 1024w, https:\/\/etrechyensembleetsolidaires.fr\/wp-content\/uploads\/2021\/02\/IMG_2226-300x225.jpg 300w, https:\/\/etrechyensembleetsolidaires.fr\/wp-content\/uploads\/2021\/02\/IMG_2226-768x576.jpg 768w, https:\/\/etrechyensembleetsolidaires.fr\/wp-content\/uploads\/2021\/02\/IMG_2226-1536x1152.jpg 1536w, https:\/\/etrechyensembleetsolidaires.fr\/wp-content\/uploads\/2021\/02\/IMG_2226-2048x1536.jpg 2048w\" sizes=\"auto, (max-width: 556px) 100vw, 556px\" \/><\/a><\/figure><\/div>\n\n\n<p><strong>Propositions faites par le groupe de ce jour pour \u00e9viter la pollution g\u00e9n\u00e9r\u00e9e par les m\u00e9gots :<\/strong><\/p>\n\n\n\n<ul class=\"wp-block-list\">\n<li>Etant donn\u00e9 que la quasi totalit\u00e9 des m\u00e9gots se situe proche des arr\u00eats (banc, parking ) il serait judicieux d\u2019y mettre \u00e0 demeure des cendriers que l\u2019on peut fermer (surtout \u00e9viter la pluie)<\/li>\n\n\n\n<li>la ville de Paris, lors de Paris-plage offrait des cendriers portatifs (voir photo) afin d\u2019\u00e9viter le r\u00e9flexe de cacher ces m\u00e9gots sous le sable.<\/li>\n\n\n\n<li>Une enseigne immobili\u00e8re d\u2019Etr\u00e9chy avait il y a quelques temps eu l\u2019id\u00e9e de distribuer des cendriers.<\/li>\n\n\n\n<li>Favoriser le recyclage des m\u00e9gots non souill\u00e9s<\/li>\n<\/ul>\n\n\n\n<p class=\"has-cyan-bluish-gray-background-color has-background\"><strong>Attitude du fumeur\/marcheur :<\/strong><br>Il sort de sa voiture avec son paquet dans la poche, commence \u00e0 marcher en allumant sa cigarette et vient \u00ab&nbsp;se poser&nbsp;\u00bb sur un banc pour terminer sa cigarette. il la jette tr\u00e8s proche du banc en prenant soin de bien l\u2019\u00e9craser et repart finir le tour qu\u2019il a engag\u00e9. Parfois il rallume une seconde cigarette qu\u2019il finira par \u00e9craser sur le parking au pied de sa voiture qu\u2019il empruntera pour rentrer chez lui&nbsp;<\/p>\n\n\n\n<blockquote class=\"wp-block-quote is-layout-flow wp-block-quote-is-layout-flow\">\n<p>Merci \u00e0 tous et \u00e0 l&rsquo;ann\u00e9e prochaine<\/p>\n<\/blockquote>\n","protected":false},"excerpt":{"rendered":"<p>8h00 les b\u00e9n\u00e9voles installaient les barnums, le petit d\u00e9jeuner, pour un accueil \u00e0 8h30, avec 6\u00b0C de temp\u00e9rature le caf\u00e9 [&hellip;]<\/p>\n","protected":false},"author":2,"featured_media":7124,"comment_status":"open","ping_status":"open","sticky":false,"template":"","format":"standard","meta":{"footnotes":""},"categories":[3,14,16],"tags":[],"class_list":["post-7099","post","type-post","status-publish","format-standard","has-post-thumbnail","hentry","category-association","category-citoyennete","category-ecologie"],"_links":{"self":[{"href":"https:\/\/etrechyensembleetsolidaires.fr\/index.php\/wp-json\/wp\/v2\/posts\/7099","targetHints":{"allow":["GET"]}}],"collection":[{"href":"https:\/\/etrechyensembleetsolidaires.fr\/index.php\/wp-json\/wp\/v2\/posts"}],"about":[{"href":"https:\/\/etrechyensembleetsolidaires.fr\/index.php\/wp-json\/wp\/v2\/types\/post"}],"author":[{"embeddable":true,"href":"https:\/\/etrechyensembleetsolidaires.fr\/index.php\/wp-json\/wp\/v2\/users\/2"}],"replies":[{"embeddable":true,"href":"https:\/\/etrechyensembleetsolidaires.fr\/index.php\/wp-json\/wp\/v2\/comments?post=7099"}],"version-history":[{"count":10,"href":"https:\/\/etrechyensembleetsolidaires.fr\/index.php\/wp-json\/wp\/v2\/posts\/7099\/revisions"}],"predecessor-version":[{"id":7137,"href":"https:\/\/etrechyensembleetsolidaires.fr\/index.php\/wp-json\/wp\/v2\/posts\/7099\/revisions\/7137"}],"wp:featuredmedia":[{"embeddable":true,"href":"https:\/\/etrechyensembleetsolidaires.fr\/index.php\/wp-json\/wp\/v2\/media\/7124"}],"wp:attachment":[{"href":"https:\/\/etrechyensembleetsolidaires.fr\/index.php\/wp-json\/wp\/v2\/media?parent=7099"}],"wp:term":[{"taxonomy":"category","embeddable":true,"href":"https:\/\/etrechyensembleetsolidaires.fr\/index.php\/wp-json\/wp\/v2\/categories?post=7099"},{"taxonomy":"post_tag","embeddable":true,"href":"https:\/\/etrechyensembleetsolidaires.fr\/index.php\/wp-json\/wp\/v2\/tags?post=7099"}],"curies":[{"name":"wp","href":"https:\/\/api.w.org\/{rel}","templated":true}]}}