{"id":7002,"date":"2023-08-27T15:14:36","date_gmt":"2023-08-27T13:14:36","guid":{"rendered":"https:\/\/etrechyensembleetsolidaires.fr\/?p=7002"},"modified":"2023-08-27T15:21:48","modified_gmt":"2023-08-27T13:21:48","slug":"un-maitre-de-ceremonie-hors-pair-pour-feter-la-liberation-detrechy","status":"publish","type":"post","link":"https:\/\/etrechyensembleetsolidaires.fr\/index.php\/2023\/08\/27\/un-maitre-de-ceremonie-hors-pair-pour-feter-la-liberation-detrechy\/","title":{"rendered":"Un Ma\u00eetre de c\u00e9r\u00e9monie hors pair pour f\u00eater la lib\u00e9ration d&rsquo;Etr\u00e9chy"},"content":{"rendered":"\n<p>Etr\u00e9chy Ensemble et Solidaires tenait \u00e0 f\u00e9liciter dans cet article, le soin, la qualit\u00e9 et la fid\u00e9lit\u00e9 de Monsieur <strong>C\u00e9sar Pozzobon <\/strong>qui nous honore toujours de sa pr\u00e9sence lors des c\u00e9r\u00e9monies de m\u00e9moire envers les anciens combattants. C&rsquo;est en qualit\u00e9 de Ma\u00eetre de c\u00e9r\u00e9monie qu&rsquo;il g\u00e8re le temps, les invit\u00e9s, les portes drapeaux, les d\u00e9tachements militaires, policiers ou de nos sapeurs pompiers.<\/p>\n\n\n\n<p>Ce n&rsquo;est pas un r\u00f4le facile , mais il le tient avec beaucoup de brio. Ce dimanche 27 ao\u00fbt, il nous a donn\u00e9 une nouvelle fois l&rsquo;exemple de ce qu&rsquo;est le devoir de m\u00e9moire. Retrouvons le, \u00e0 gauche de la photo ci dessous.<\/p>\n\n\n\n<figure class=\"wp-block-image size-large\"><a href=\"https:\/\/etrechyensembleetsolidaires.fr\/wp-content\/uploads\/2023\/08\/image_67224833-scaled.jpg\"><img loading=\"lazy\" decoding=\"async\" width=\"768\" height=\"1024\" src=\"https:\/\/etrechyensembleetsolidaires.fr\/wp-content\/uploads\/2023\/08\/image_67224833-768x1024.jpg\" alt=\"\" class=\"wp-image-7005\" srcset=\"https:\/\/etrechyensembleetsolidaires.fr\/wp-content\/uploads\/2023\/08\/image_67224833-768x1024.jpg 768w, https:\/\/etrechyensembleetsolidaires.fr\/wp-content\/uploads\/2023\/08\/image_67224833-225x300.jpg 225w, https:\/\/etrechyensembleetsolidaires.fr\/wp-content\/uploads\/2023\/08\/image_67224833-1152x1536.jpg 1152w, https:\/\/etrechyensembleetsolidaires.fr\/wp-content\/uploads\/2023\/08\/image_67224833-1536x2048.jpg 1536w, https:\/\/etrechyensembleetsolidaires.fr\/wp-content\/uploads\/2023\/08\/image_67224833-scaled.jpg 1920w\" sizes=\"auto, (max-width: 768px) 100vw, 768px\" \/><\/a><\/figure>\n\n\n\n<p>Le discours de Monsieur Sergent du comit\u00e9 de lib\u00e9ration fut lu et nous p\u00fbmes revivre un bref instant, l&rsquo;arriv\u00e9e dans notre ville un 22 ao\u00fbt 1944, de nos lib\u00e9rateurs, descendant de Chauffour-l\u00e8s-Etr\u00e9chy et passant par la porte du gord, dont le combat n&rsquo;\u00e9tait toujours pas fini. <\/p>\n\n\n\n<p>La remise traditionnelle de fleurs fut annonc\u00e9e. La S\u00e9natrice de l&rsquo;Essonne Daphn\u00e9 Ract-Madoux avait fait le choix d&rsquo;une plante vivace qu&rsquo;on pourrait voir facilement replant\u00e9e. <\/p>\n\n\n\n<p>  <\/p>\n\n\n\n<p><\/p>\n\n\n\n<figure class=\"wp-block-gallery has-nested-images columns-default is-cropped wp-block-gallery-1 is-layout-flex wp-block-gallery-is-layout-flex\">\n<figure class=\"wp-block-image size-large\"><a href=\"https:\/\/etrechyensembleetsolidaires.fr\/wp-content\/uploads\/2023\/08\/image_50744321-scaled.jpg\"><img loading=\"lazy\" decoding=\"async\" width=\"1024\" height=\"768\" data-id=\"7007\" src=\"https:\/\/etrechyensembleetsolidaires.fr\/wp-content\/uploads\/2023\/08\/image_50744321-1024x768.jpg\" alt=\"\" class=\"wp-image-7007\" srcset=\"https:\/\/etrechyensembleetsolidaires.fr\/wp-content\/uploads\/2023\/08\/image_50744321-1024x768.jpg 1024w, https:\/\/etrechyensembleetsolidaires.fr\/wp-content\/uploads\/2023\/08\/image_50744321-300x225.jpg 300w, https:\/\/etrechyensembleetsolidaires.fr\/wp-content\/uploads\/2023\/08\/image_50744321-768x576.jpg 768w, https:\/\/etrechyensembleetsolidaires.fr\/wp-content\/uploads\/2023\/08\/image_50744321-1536x1152.jpg 1536w, https:\/\/etrechyensembleetsolidaires.fr\/wp-content\/uploads\/2023\/08\/image_50744321-2048x1536.jpg 2048w\" sizes=\"auto, (max-width: 1024px) 100vw, 1024px\" \/><\/a><\/figure>\n<\/figure>\n\n\n\n<p>Le moment solennel fut comme \u00e0 l&rsquo;accoutum\u00e9e  la Marseillaise qui fut chant\u00e9e par tout le monde, preuve d&rsquo;une unit\u00e9 bien pr\u00e9sente pour comm\u00e9morer cet \u00e9v\u00e8nement historique.<\/p>\n\n\n\n<p>Nous remercions tout particuli\u00e8rement le<strong><a href=\"https:\/\/www.facebook.com\/entrejuineetrenarde\/posts\/4924038244299400\/\" target=\"_blank\" rel=\"noreferrer noopener\"> Lieutenant Ligonto<\/a><\/strong>, Commandant de la brigade de Lardy, notre jeune Maire Enfant ainsi que le public venu ce jour remplir ce devoir de m\u00e9moire.  <\/p>\n\n\n\n<p> <\/p>\n\n\n\n<figure class=\"wp-block-gallery has-nested-images columns-default is-cropped wp-block-gallery-2 is-layout-flex wp-block-gallery-is-layout-flex\">\n<figure class=\"wp-block-image size-large\"><a href=\"https:\/\/etrechyensembleetsolidaires.fr\/wp-content\/uploads\/2023\/08\/image_50420993-scaled.jpg\"><img loading=\"lazy\" decoding=\"async\" width=\"1024\" height=\"768\" data-id=\"7009\" src=\"https:\/\/etrechyensembleetsolidaires.fr\/wp-content\/uploads\/2023\/08\/image_50420993-1024x768.jpg\" alt=\"\" class=\"wp-image-7009\" srcset=\"https:\/\/etrechyensembleetsolidaires.fr\/wp-content\/uploads\/2023\/08\/image_50420993-1024x768.jpg 1024w, https:\/\/etrechyensembleetsolidaires.fr\/wp-content\/uploads\/2023\/08\/image_50420993-300x225.jpg 300w, https:\/\/etrechyensembleetsolidaires.fr\/wp-content\/uploads\/2023\/08\/image_50420993-768x576.jpg 768w, https:\/\/etrechyensembleetsolidaires.fr\/wp-content\/uploads\/2023\/08\/image_50420993-1536x1152.jpg 1536w, https:\/\/etrechyensembleetsolidaires.fr\/wp-content\/uploads\/2023\/08\/image_50420993-2048x1536.jpg 2048w\" sizes=\"auto, (max-width: 1024px) 100vw, 1024px\" \/><\/a><\/figure>\n\n\n\n<figure class=\"wp-block-image size-large\"><a href=\"https:\/\/etrechyensembleetsolidaires.fr\/wp-content\/uploads\/2023\/08\/image_50743553-scaled.jpg\"><img loading=\"lazy\" decoding=\"async\" width=\"1024\" height=\"768\" data-id=\"7010\" src=\"https:\/\/etrechyensembleetsolidaires.fr\/wp-content\/uploads\/2023\/08\/image_50743553-1024x768.jpg\" alt=\"\" class=\"wp-image-7010\" srcset=\"https:\/\/etrechyensembleetsolidaires.fr\/wp-content\/uploads\/2023\/08\/image_50743553-1024x768.jpg 1024w, https:\/\/etrechyensembleetsolidaires.fr\/wp-content\/uploads\/2023\/08\/image_50743553-300x225.jpg 300w, https:\/\/etrechyensembleetsolidaires.fr\/wp-content\/uploads\/2023\/08\/image_50743553-768x576.jpg 768w, https:\/\/etrechyensembleetsolidaires.fr\/wp-content\/uploads\/2023\/08\/image_50743553-1536x1152.jpg 1536w, https:\/\/etrechyensembleetsolidaires.fr\/wp-content\/uploads\/2023\/08\/image_50743553-2048x1536.jpg 2048w\" sizes=\"auto, (max-width: 1024px) 100vw, 1024px\" \/><\/a><\/figure>\n<\/figure>\n\n\n\n<figure class=\"wp-block-gallery has-nested-images columns-default is-cropped wp-block-gallery-3 is-layout-flex wp-block-gallery-is-layout-flex\">\n<figure class=\"wp-block-image size-large\"><img loading=\"lazy\" decoding=\"async\" width=\"1024\" height=\"768\" data-id=\"7014\" src=\"https:\/\/etrechyensembleetsolidaires.fr\/wp-content\/uploads\/2023\/08\/20230827_112159_resized-1024x768.jpg\" alt=\"\" class=\"wp-image-7014\" srcset=\"https:\/\/etrechyensembleetsolidaires.fr\/wp-content\/uploads\/2023\/08\/20230827_112159_resized-1024x768.jpg 1024w, https:\/\/etrechyensembleetsolidaires.fr\/wp-content\/uploads\/2023\/08\/20230827_112159_resized-300x225.jpg 300w, https:\/\/etrechyensembleetsolidaires.fr\/wp-content\/uploads\/2023\/08\/20230827_112159_resized-768x576.jpg 768w, https:\/\/etrechyensembleetsolidaires.fr\/wp-content\/uploads\/2023\/08\/20230827_112159_resized-1536x1152.jpg 1536w, https:\/\/etrechyensembleetsolidaires.fr\/wp-content\/uploads\/2023\/08\/20230827_112159_resized.jpg 1632w\" sizes=\"auto, (max-width: 1024px) 100vw, 1024px\" \/><\/figure>\n\n\n\n<figure class=\"wp-block-image size-large\"><img loading=\"lazy\" decoding=\"async\" width=\"1024\" height=\"768\" data-id=\"7015\" src=\"https:\/\/etrechyensembleetsolidaires.fr\/wp-content\/uploads\/2023\/08\/20230827_112629_resized-1024x768.jpg\" alt=\"\" class=\"wp-image-7015\" srcset=\"https:\/\/etrechyensembleetsolidaires.fr\/wp-content\/uploads\/2023\/08\/20230827_112629_resized-1024x768.jpg 1024w, https:\/\/etrechyensembleetsolidaires.fr\/wp-content\/uploads\/2023\/08\/20230827_112629_resized-300x225.jpg 300w, https:\/\/etrechyensembleetsolidaires.fr\/wp-content\/uploads\/2023\/08\/20230827_112629_resized-768x576.jpg 768w, https:\/\/etrechyensembleetsolidaires.fr\/wp-content\/uploads\/2023\/08\/20230827_112629_resized-1536x1152.jpg 1536w, https:\/\/etrechyensembleetsolidaires.fr\/wp-content\/uploads\/2023\/08\/20230827_112629_resized.jpg 1632w\" sizes=\"auto, (max-width: 1024px) 100vw, 1024px\" \/><\/figure>\n<\/figure>\n","protected":false},"excerpt":{"rendered":"<p>Etr\u00e9chy Ensemble et Solidaires tenait \u00e0 f\u00e9liciter dans cet article, le soin, la qualit\u00e9 et la fid\u00e9lit\u00e9 de Monsieur C\u00e9sar [&hellip;]<\/p>\n","protected":false},"author":2,"featured_media":7007,"comment_status":"open","ping_status":"open","sticky":false,"template":"","format":"standard","meta":{"footnotes":""},"categories":[14],"tags":[],"class_list":["post-7002","post","type-post","status-publish","format-standard","has-post-thumbnail","hentry","category-citoyennete"],"_links":{"self":[{"href":"https:\/\/etrechyensembleetsolidaires.fr\/index.php\/wp-json\/wp\/v2\/posts\/7002","targetHints":{"allow":["GET"]}}],"collection":[{"href":"https:\/\/etrechyensembleetsolidaires.fr\/index.php\/wp-json\/wp\/v2\/posts"}],"about":[{"href":"https:\/\/etrechyensembleetsolidaires.fr\/index.php\/wp-json\/wp\/v2\/types\/post"}],"author":[{"embeddable":true,"href":"https:\/\/etrechyensembleetsolidaires.fr\/index.php\/wp-json\/wp\/v2\/users\/2"}],"replies":[{"embeddable":true,"href":"https:\/\/etrechyensembleetsolidaires.fr\/index.php\/wp-json\/wp\/v2\/comments?post=7002"}],"version-history":[{"count":7,"href":"https:\/\/etrechyensembleetsolidaires.fr\/index.php\/wp-json\/wp\/v2\/posts\/7002\/revisions"}],"predecessor-version":[{"id":7016,"href":"https:\/\/etrechyensembleetsolidaires.fr\/index.php\/wp-json\/wp\/v2\/posts\/7002\/revisions\/7016"}],"wp:featuredmedia":[{"embeddable":true,"href":"https:\/\/etrechyensembleetsolidaires.fr\/index.php\/wp-json\/wp\/v2\/media\/7007"}],"wp:attachment":[{"href":"https:\/\/etrechyensembleetsolidaires.fr\/index.php\/wp-json\/wp\/v2\/media?parent=7002"}],"wp:term":[{"taxonomy":"category","embeddable":true,"href":"https:\/\/etrechyensembleetsolidaires.fr\/index.php\/wp-json\/wp\/v2\/categories?post=7002"},{"taxonomy":"post_tag","embeddable":true,"href":"https:\/\/etrechyensembleetsolidaires.fr\/index.php\/wp-json\/wp\/v2\/tags?post=7002"}],"curies":[{"name":"wp","href":"https:\/\/api.w.org\/{rel}","templated":true}]}}