{"id":6353,"date":"2023-02-13T19:30:54","date_gmt":"2023-02-13T18:30:54","guid":{"rendered":"https:\/\/etrechyensembleetsolidaires.fr\/?p=6353"},"modified":"2023-02-13T19:30:55","modified_gmt":"2023-02-13T18:30:55","slug":"le-panier-anti-inflation","status":"publish","type":"post","link":"https:\/\/etrechyensembleetsolidaires.fr\/index.php\/2023\/02\/13\/le-panier-anti-inflation\/","title":{"rendered":"Le panier anti-inflation\u00a0"},"content":{"rendered":"\n<p>La conjoncture dans ce contexte d\u2019inflation est telle que les id\u00e9es doivent venir et tr\u00e8s rapidement. Charge \u00e0 ceux qui le peuvent de les mettre en pratique.<\/p>\n\n\n\n<p>Aujourd\u2019hui l\u2019accent et l\u2019actualit\u00e9 nous am\u00e8nent \u00e0 comprendre ce que pourrait \u00eatre un panier anti-inflation. Comment serait il compos\u00e9 ? Devrait il s\u2019aligner sur d\u2019autres paniers? Devrait il s\u2019arr\u00eater \u00e0 une date fixe? &#8230;<\/p>\n\n\n\n<p>Toujours est il que le gouvernement \u00e0 r\u00e9fl\u00e9chi au sien, il serait\u00a0 compos\u00e9 tout d\u00e9but mars et pour 3 mois, de cinquante produits alimentaires et non alimentaires sous cinq cat\u00e9gories :<\/p>\n\n\n\n<figure class=\"wp-block-table\"><table class=\"has-vivid-green-cyan-color has-white-background-color has-text-color has-background has-fixed-layout\"><tbody><tr><td class=\"has-text-align-center\" data-align=\"center\">1- hygi\u00e8ne,\u00a0<\/td><\/tr><tr><td class=\"has-text-align-center\" data-align=\"center\">2- propret\u00e9,\u00a0<\/td><\/tr><tr><td class=\"has-text-align-center\" data-align=\"center\">3- frais,\u00a0<\/td><\/tr><tr><td class=\"has-text-align-center\" data-align=\"center\">4- surgel\u00e9 <\/td><\/tr><tr><td class=\"has-text-align-center\" data-align=\"center\">5- \u00e9picerie<\/td><\/tr><\/tbody><\/table><\/figure>\n\n\n\n<hr class=\"wp-block-separator has-alpha-channel-opacity\"\/>\n\n\n\n<figure class=\"wp-block-table aligncenter is-style-regular\"><table class=\"has-black-color has-cyan-bluish-gray-background-color has-text-color has-background has-fixed-layout\"><thead><tr><th class=\"has-text-align-center\" data-align=\"center\"><strong>On y trouverait (entre autres):\u00a0<\/strong><\/th><th class=\"has-text-align-center\" data-align=\"center\"><strong>Il n\u2019y aurait pas :<\/strong><\/th><\/tr><\/thead><tbody><tr><td class=\"has-text-align-center\" data-align=\"center\">Produits d\u2019hygi\u00e8ne dentaire<\/td><td class=\"has-text-align-center\" data-align=\"center\">Alcool<\/td><\/tr><tr><td class=\"has-text-align-center\" data-align=\"center\">Produits d\u2019entretien<\/td><td class=\"has-text-align-center\" data-align=\"center\">Confiserie<\/td><\/tr><tr><td class=\"has-text-align-center\" data-align=\"center\">Surgel\u00e9s<\/td><td class=\"has-text-align-center\" data-align=\"center\"><br><\/td><\/tr><tr><td class=\"has-text-align-center\" data-align=\"center\">Rayon frais<\/td><td class=\"has-text-align-center\" data-align=\"center\"><br><\/td><\/tr><tr><td class=\"has-text-align-center\" data-align=\"center\">\u00c9picerie<\/td><td class=\"has-text-align-center\" data-align=\"center\"><br><\/td><\/tr><tr><td class=\"has-text-align-center\" data-align=\"center\">Viande rouge ou blanche (dont une labellis\u00e9e)<\/td><td class=\"has-text-align-center\" data-align=\"center\"><br><\/td><\/tr><tr><td class=\"has-text-align-center\" data-align=\"center\">5 Fruits et l\u00e9gumes<\/td><td class=\"has-text-align-center\" data-align=\"center\"><br><\/td><\/tr><tr><td class=\"has-text-align-center\" data-align=\"center\">Poisson<\/td><td class=\"has-text-align-center\" data-align=\"center\"><br><\/td><\/tr><tr><td class=\"has-text-align-center\" data-align=\"center\">Pates<\/td><td class=\"has-text-align-center\" data-align=\"center\"><br><\/td><\/tr><tr><td class=\"has-text-align-center\" data-align=\"center\">Sucre<\/td><td class=\"has-text-align-center\" data-align=\"center\"><br><\/td><\/tr><tr><td class=\"has-text-align-center\" data-align=\"center\">Lessive<\/td><td class=\"has-text-align-center\" data-align=\"center\"><br><\/td><\/tr><\/tbody><\/table><\/figure>\n\n\n\n<p><\/p>\n\n\n\n<p><em>A ce jour, Lidl et Syst\u00e8me U jouent le jeu , reste deux semaines avant que les autres enseignes r\u00e9pondent favorablement \u00e0 cela.\u00a0<\/em><\/p>\n\n\n\n<hr class=\"wp-block-separator has-alpha-channel-opacity\"\/>\n\n\n\n<p><strong>Pour Etr\u00e9chy :<\/strong><\/p>\n\n\n\n<figure class=\"wp-block-table is-style-stripes\"><table><tbody><tr><td><strong>Etr\u00e9chy Ensemble et Solidaires<\/strong> pense qu\u2019il pourrait \u00eatre bon de voir une dynamique se cr\u00e9er autour de nos commer\u00e7ants sur une volont\u00e9 de continuer \u00e0 amener \u00e0 l\u2019achat local. Pourquoi ne pas imaginer ce panier collectif qui serait compos\u00e9 de certains \u00e9l\u00e9ments du panier anti-inflation. <br>Prenons un exemple :<br><br>&#8211; Un pain sp\u00e9cial pour cette occasion dans une de nos 3 boulangeries (voire les 3),\u00a0<br>&#8211; Une viande chez un de nos deux bouchers (voire les 2)<br>&#8211; Certains fruits et l\u00e9gumes chez comptoir &amp; Co ou \u00e0 la petite \u00e9picerie casino (voire les 2)<br>&#8211; &#8230;..<br>&#8211; La grande partie restante pourrait se retrouver dans l\u2019intermarch\u00e9.<br><br>Une stabilit\u00e9 sur 3 mois serait assur\u00e9e pour rester en accord avec les modalit\u00e9s du panier anti-inflation.<br>Si l\u2019on se r\u00e9f\u00e8re \u00e0 un certain panier r\u00e9alis\u00e9 par franceinfo et France Bleu, en partenariat avec NielsenIQ il y avait 37 articles que vous pouvez retrouver ci- dessous.<br><br>A ce jour nous ne connaissons pas la composition du panier anti-inflation du gouvernement. <strong>Mais rien ne nous emp\u00eache d\u2019en imaginer un \u00e0 notre petit niveau str\u00e9piniacois, fait avec les commer\u00e7ants (tous) et pourquoi pas anim\u00e9 par l\u2019union des commer\u00e7ants.<\/strong><\/td><\/tr><\/tbody><\/table><\/figure>\n\n\n\n<hr class=\"wp-block-separator has-alpha-channel-opacity\"\/>\n\n\n\n<p><em>Pour info voici le panier r\u00e9f\u00e9rence de franceinfo et France Bleu, en partenariat avec NielsenIQ (source FranceInfo)<\/em> <br><em>voir la page suivante &#8230;.<\/em><\/p>\n\n\n\n<!--nextpage-->\n\n\n\n<figure class=\"wp-block-table is-style-stripes\"><table><tbody><tr><td><strong>Produit<\/strong><\/td><td><strong>Type<\/strong><\/td><td><strong>Rayon<\/strong><\/td><td><strong>Prix moyen d\u00e9cembre (\u20ac)<\/strong><\/td><td><strong>Inflation sur un an<\/strong><\/td><\/tr><tr><td>1 paquet de 1kg de spaghetti<\/td><td>Marque nationale<\/td><td>Epicerie<\/td><td>2,44<\/td><td>+15,65%<\/td><\/tr><tr><td>1 paquet de 500g de riz<\/td><td>Marque distributeur<\/td><td>Epicerie<\/td><td>1,56<\/td><td>+19,04%<\/td><\/tr><tr><td>1 bouteille d&rsquo;1L d&rsquo;huile d&rsquo;olive<\/td><td>Marque distributeur<\/td><td>Epicerie<\/td><td>5,83<\/td><td>+14,69%<\/td><\/tr><tr><td>1 paquet de caf\u00e9<\/td><td>Marque leader du march\u00e9<\/td><td>Epicerie<\/td><td>3,34<\/td><td>+12,54%<\/td><\/tr><tr><td>1 paquet de 250g de chips<\/td><td>Marque nationale<\/td><td>Epicerie<\/td><td>2,39<\/td><td>+13,93%<\/td><\/tr><tr><td>1 paquet d&rsquo;1 kg de sucre<\/td><td>Premier prix<\/td><td>Epicerie<\/td><td>0,95<\/td><td>+20,13%<\/td><\/tr><tr><td>1kg de farine nature<\/td><td>Premier prix<\/td><td>Epicerie<\/td><td>0,74<\/td><td>+44,89%<\/td><\/tr><tr><td>1 paquet de pain de mie 24 tranches classique<\/td><td>Marque distributeur<\/td><td>Epicerie<\/td><td>1,05<\/td><td>+19,33%<\/td><\/tr><tr><td>1 paquet de biscuits chocolat\u00e9s<\/td><td>Marque nationale<\/td><td>Epicerie<\/td><td>2,39<\/td><td>+9,45%<\/td><\/tr><tr><td>1 pot de p\u00e2te \u00e0 tartiner 500g<\/td><td>Marque leader du march\u00e9<\/td><td>Epicerie<\/td><td>4,21<\/td><td>+7,51%<\/td><\/tr><tr><td>1 paquet de c\u00e9r\u00e9ales<\/td><td>Premier prix<\/td><td>Epicerie<\/td><td>1,79<\/td><td>+12,15%<\/td><\/tr><tr><td>1 tablette de chocolat au lait<\/td><td>Marque nationale<\/td><td>Epicerie<\/td><td>1,40<\/td><td>+7,81%<\/td><\/tr><tr><td>1 pot de coulis de tomate<\/td><td>Marque nationale<\/td><td>Conserves<\/td><td>1,69<\/td><td>+16,53%<\/td><\/tr><tr><td>1 boite de thon en tranche<\/td><td>Marque distributeur<\/td><td>Conserves<\/td><td>2,12<\/td><td>+18,92%<\/td><\/tr><tr><td>1 boite de haricots verts 500g<\/td><td>Marque distributeur<\/td><td>Conserves<\/td><td>1,09<\/td><td>+17,9%<\/td><\/tr><tr><td>1 grosse bo\u00eete petit pois<\/td><td>Premier prix<\/td><td>Conserves<\/td><td>1,17<\/td><td>+21,66%<\/td><\/tr><tr><td>1 bo\u00eete de 6 oeufs Bio<\/td><td>Bio<\/td><td>Frais<\/td><td>1,55<\/td><td>+17,38%<\/td><\/tr><tr><td>1 pack de 8 yaourts nature<\/td><td>Marque nationale<\/td><td>Frais<\/td><td>2,24<\/td><td>+10,62%<\/td><\/tr><tr><td>1 paquet de 200g de fromage r\u00e2p\u00e9<\/td><td>Marque distributeur<\/td><td>Frais<\/td><td>1,65<\/td><td>+16,12%<\/td><\/tr><tr><td>1 plaquette de beurre doux 250g<\/td><td>Marque distributeur<\/td><td>Frais<\/td><td>2,18<\/td><td>+21,96%<\/td><\/tr><tr><td>1 paquet de 4 tranches de jambon blanc<\/td><td>Marque nationale<\/td><td>Frais<\/td><td>2,68<\/td><td>+13,12%<\/td><\/tr><tr><td>1 pizza fra\u00eeche pr\u00e9par\u00e9e<\/td><td>Marque leader du march\u00e9<\/td><td>Frais<\/td><td>4,32<\/td><td>+9,59%<\/td><\/tr><tr><td>1 sachet de salade<\/td><td>Marque nationale<\/td><td>Frais<\/td><td>2,84<\/td><td>+8,73%<\/td><\/tr><tr><td>Une bo\u00eete de 6 steaks hach\u00e9s surgel\u00e9s<\/td><td>Marque distributeur<\/td><td>Surgel\u00e9s<\/td><td>5,54<\/td><td>+31,88%<\/td><\/tr><tr><td>Paquet de 12 b\u00e2tonnets poisson pan\u00e9<\/td><td>Marque distributeur<\/td><td>Surgel\u00e9s<\/td><td>3,90<\/td><td>+20,43%<\/td><\/tr><tr><td>1 barquette de lasagne<\/td><td>Marque nationale<\/td><td>Surgel\u00e9s<\/td><td>5,71<\/td><td>+10,46%<\/td><\/tr><tr><td>1 pack de 6L d&rsquo;eau<\/td><td>Marque leader du march\u00e9<\/td><td>Boissons<\/td><td>2,19<\/td><td>+9,48%<\/td><\/tr><tr><td>1 pack de 6L de lait<\/td><td>Marque distributeur<\/td><td>Boissons<\/td><td>5,98<\/td><td>+5,98%<\/td><\/tr><tr><td>1 bouteille d&rsquo;1,25L de cola<\/td><td>Marque leader du march\u00e9<\/td><td>Boissons<\/td><td>1,29<\/td><td>+8,23%<\/td><\/tr><tr><td>1 pack de 6 bi\u00e8res blondes<\/td><td>Marque nationale<\/td><td>Boissons<\/td><td>4,48<\/td><td>+7,58%<\/td><\/tr><tr><td>1 bouteille de jus d&rsquo;orange<\/td><td>Marque distributeur<\/td><td>Boissons<\/td><td>1,33<\/td><td>+10,56%<\/td><\/tr><tr><td>1 bouteille de gel douche<\/td><td>Marque distributeur<\/td><td>Hygi\u00e8ne<\/td><td>1,36<\/td><td>+10,07%<\/td><\/tr><tr><td>1 pack de 12 rouleaux de papier toilette<\/td><td>Premier prix<\/td><td>Hygi\u00e8ne<\/td><td>3,56<\/td><td>+29,02%<\/td><\/tr><tr><td>1 tube de dentifrice<\/td><td>Marque nationale<\/td><td>Hygi\u00e8ne<\/td><td>2,92<\/td><td>+5,36%<\/td><\/tr><tr><td>1 bouteille de shampoing<\/td><td>Marque nationale<\/td><td>Hygi\u00e8ne<\/td><td>2,65<\/td><td>+4,16%<\/td><\/tr><tr><td>1 bidon de lessive de 2L<\/td><td>Marque nationale<\/td><td>Entretien<\/td><td>8,13<\/td><td>+5,57%<\/td><\/tr><tr><td>1 flacon de liquide vaisselle 250mL<\/td><td>Marque distributeur<\/td><td>Entretien<\/td><td>1,21<\/td><td>+13,07%<\/td><\/tr><\/tbody><\/table><\/figure>\n\n\n\n<p>(<em>panier r\u00e9f\u00e9rence de franceinfo et France Bleu, en partenariat avec NielsenIQ (source franceinfo)<\/em>)<\/p>\n","protected":false},"excerpt":{"rendered":"<p>La conjoncture dans ce contexte d\u2019inflation est telle que les id\u00e9es doivent venir et tr\u00e8s rapidement. Charge \u00e0 ceux qui [&hellip;]<\/p>\n","protected":false},"author":2,"featured_media":6355,"comment_status":"open","ping_status":"open","sticky":false,"template":"","format":"standard","meta":{"footnotes":""},"categories":[14,5],"tags":[],"class_list":["post-6353","post","type-post","status-publish","format-standard","has-post-thumbnail","hentry","category-citoyennete","category-publications"],"_links":{"self":[{"href":"https:\/\/etrechyensembleetsolidaires.fr\/index.php\/wp-json\/wp\/v2\/posts\/6353","targetHints":{"allow":["GET"]}}],"collection":[{"href":"https:\/\/etrechyensembleetsolidaires.fr\/index.php\/wp-json\/wp\/v2\/posts"}],"about":[{"href":"https:\/\/etrechyensembleetsolidaires.fr\/index.php\/wp-json\/wp\/v2\/types\/post"}],"author":[{"embeddable":true,"href":"https:\/\/etrechyensembleetsolidaires.fr\/index.php\/wp-json\/wp\/v2\/users\/2"}],"replies":[{"embeddable":true,"href":"https:\/\/etrechyensembleetsolidaires.fr\/index.php\/wp-json\/wp\/v2\/comments?post=6353"}],"version-history":[{"count":23,"href":"https:\/\/etrechyensembleetsolidaires.fr\/index.php\/wp-json\/wp\/v2\/posts\/6353\/revisions"}],"predecessor-version":[{"id":6377,"href":"https:\/\/etrechyensembleetsolidaires.fr\/index.php\/wp-json\/wp\/v2\/posts\/6353\/revisions\/6377"}],"wp:featuredmedia":[{"embeddable":true,"href":"https:\/\/etrechyensembleetsolidaires.fr\/index.php\/wp-json\/wp\/v2\/media\/6355"}],"wp:attachment":[{"href":"https:\/\/etrechyensembleetsolidaires.fr\/index.php\/wp-json\/wp\/v2\/media?parent=6353"}],"wp:term":[{"taxonomy":"category","embeddable":true,"href":"https:\/\/etrechyensembleetsolidaires.fr\/index.php\/wp-json\/wp\/v2\/categories?post=6353"},{"taxonomy":"post_tag","embeddable":true,"href":"https:\/\/etrechyensembleetsolidaires.fr\/index.php\/wp-json\/wp\/v2\/tags?post=6353"}],"curies":[{"name":"wp","href":"https:\/\/api.w.org\/{rel}","templated":true}]}}