{"id":6038,"date":"2022-12-02T20:09:07","date_gmt":"2022-12-02T19:09:07","guid":{"rendered":"https:\/\/etrechyensembleetsolidaires.fr\/?p=6038"},"modified":"2022-12-02T20:10:25","modified_gmt":"2022-12-02T19:10:25","slug":"mon-ecowatt-cest-quoi","status":"publish","type":"post","link":"https:\/\/etrechyensembleetsolidaires.fr\/index.php\/2022\/12\/02\/mon-ecowatt-cest-quoi\/","title":{"rendered":"Mon ecowatt c&rsquo;est quoi ?"},"content":{"rendered":"\n<p>C&rsquo;est tout simplement un lien qui gr\u00e2ce \u00e0 l&rsquo;indication de la rue et de votre ville vous informera des coupures ou d\u00e9lestage, si coupures il y a, bien s\u00fbr. <br>Ne c\u00e9dons pas \u00e0 la panique, soyons au courant des coupures ou d\u00e9lestage. Si la situation n&rsquo;avait pas \u00e9t\u00e9 aussi critique, nous aurions aim\u00e9 ce jeu de mot .<\/p>\n\n\n\n<p>Quel est le lien pour y aller :<\/p>\n\n\n\n<p><a href=\"https:\/\/www.enedis.fr\/panne-et-interruption\">https:\/\/www.enedis.fr\/panne-et-interruption<\/a><\/p>\n\n\n\n<p>Vous pouvez t\u00e9l\u00e9charger l&rsquo;application sur votre smartphone mais si vous cliquez sur le lien ci-dessus, vous arriverez \u00e0 ceci :<\/p>\n\n\n\n<figure class=\"wp-block-image size-large\"><img loading=\"lazy\" decoding=\"async\" width=\"1024\" height=\"529\" src=\"https:\/\/etrechyensembleetsolidaires.fr\/wp-content\/uploads\/2022\/12\/Capture-de\u0301cran-2022-12-02-a\u0300-19.58.35-1024x529.png\" alt=\"\" class=\"wp-image-6039\" srcset=\"https:\/\/etrechyensembleetsolidaires.fr\/wp-content\/uploads\/2022\/12\/Capture-de\u0301cran-2022-12-02-a\u0300-19.58.35-1024x529.png 1024w, https:\/\/etrechyensembleetsolidaires.fr\/wp-content\/uploads\/2022\/12\/Capture-de\u0301cran-2022-12-02-a\u0300-19.58.35-300x155.png 300w, https:\/\/etrechyensembleetsolidaires.fr\/wp-content\/uploads\/2022\/12\/Capture-de\u0301cran-2022-12-02-a\u0300-19.58.35-768x397.png 768w, https:\/\/etrechyensembleetsolidaires.fr\/wp-content\/uploads\/2022\/12\/Capture-de\u0301cran-2022-12-02-a\u0300-19.58.35-1536x793.png 1536w, https:\/\/etrechyensembleetsolidaires.fr\/wp-content\/uploads\/2022\/12\/Capture-de\u0301cran-2022-12-02-a\u0300-19.58.35-2048x1058.png 2048w\" sizes=\"auto, (max-width: 1024px) 100vw, 1024px\" \/><\/figure>\n\n\n\n<p>Cliquez sur \u00ab\u00a0un particulier\u00a0\u00bb puis tapez votre adresse, prenons pour exemple la Grande rue aujourd&rsquo;hui 2 d\u00e9cembre veille d&rsquo;inauguration de la patinoire , o\u00f9 on nous annon\u00e7ait du verglas et de la neige <\/p>\n\n\n\n<figure class=\"wp-block-image size-large\"><img loading=\"lazy\" decoding=\"async\" width=\"1024\" height=\"659\" src=\"https:\/\/etrechyensembleetsolidaires.fr\/wp-content\/uploads\/2022\/12\/Capture-de\u0301cran-2022-12-02-a\u0300-19.59.24-1024x659.png\" alt=\"\" class=\"wp-image-6040\" srcset=\"https:\/\/etrechyensembleetsolidaires.fr\/wp-content\/uploads\/2022\/12\/Capture-de\u0301cran-2022-12-02-a\u0300-19.59.24-1024x659.png 1024w, https:\/\/etrechyensembleetsolidaires.fr\/wp-content\/uploads\/2022\/12\/Capture-de\u0301cran-2022-12-02-a\u0300-19.59.24-300x193.png 300w, https:\/\/etrechyensembleetsolidaires.fr\/wp-content\/uploads\/2022\/12\/Capture-de\u0301cran-2022-12-02-a\u0300-19.59.24-768x495.png 768w, https:\/\/etrechyensembleetsolidaires.fr\/wp-content\/uploads\/2022\/12\/Capture-de\u0301cran-2022-12-02-a\u0300-19.59.24-1536x989.png 1536w, https:\/\/etrechyensembleetsolidaires.fr\/wp-content\/uploads\/2022\/12\/Capture-de\u0301cran-2022-12-02-a\u0300-19.59.24-2048x1319.png 2048w\" sizes=\"auto, (max-width: 1024px) 100vw, 1024px\" \/><\/figure>\n","protected":false},"excerpt":{"rendered":"<p>C&rsquo;est tout simplement un lien qui gr\u00e2ce \u00e0 l&rsquo;indication de la rue et de votre ville vous informera des coupures [&hellip;]<\/p>\n","protected":false},"author":2,"featured_media":6041,"comment_status":"open","ping_status":"open","sticky":false,"template":"","format":"standard","meta":{"footnotes":""},"categories":[1],"tags":[],"class_list":["post-6038","post","type-post","status-publish","format-standard","has-post-thumbnail","hentry","category-non-classe"],"_links":{"self":[{"href":"https:\/\/etrechyensembleetsolidaires.fr\/index.php\/wp-json\/wp\/v2\/posts\/6038","targetHints":{"allow":["GET"]}}],"collection":[{"href":"https:\/\/etrechyensembleetsolidaires.fr\/index.php\/wp-json\/wp\/v2\/posts"}],"about":[{"href":"https:\/\/etrechyensembleetsolidaires.fr\/index.php\/wp-json\/wp\/v2\/types\/post"}],"author":[{"embeddable":true,"href":"https:\/\/etrechyensembleetsolidaires.fr\/index.php\/wp-json\/wp\/v2\/users\/2"}],"replies":[{"embeddable":true,"href":"https:\/\/etrechyensembleetsolidaires.fr\/index.php\/wp-json\/wp\/v2\/comments?post=6038"}],"version-history":[{"count":3,"href":"https:\/\/etrechyensembleetsolidaires.fr\/index.php\/wp-json\/wp\/v2\/posts\/6038\/revisions"}],"predecessor-version":[{"id":6045,"href":"https:\/\/etrechyensembleetsolidaires.fr\/index.php\/wp-json\/wp\/v2\/posts\/6038\/revisions\/6045"}],"wp:featuredmedia":[{"embeddable":true,"href":"https:\/\/etrechyensembleetsolidaires.fr\/index.php\/wp-json\/wp\/v2\/media\/6041"}],"wp:attachment":[{"href":"https:\/\/etrechyensembleetsolidaires.fr\/index.php\/wp-json\/wp\/v2\/media?parent=6038"}],"wp:term":[{"taxonomy":"category","embeddable":true,"href":"https:\/\/etrechyensembleetsolidaires.fr\/index.php\/wp-json\/wp\/v2\/categories?post=6038"},{"taxonomy":"post_tag","embeddable":true,"href":"https:\/\/etrechyensembleetsolidaires.fr\/index.php\/wp-json\/wp\/v2\/tags?post=6038"}],"curies":[{"name":"wp","href":"https:\/\/api.w.org\/{rel}","templated":true}]}}