{"id":5920,"date":"2022-10-24T18:27:07","date_gmt":"2022-10-24T16:27:07","guid":{"rendered":"https:\/\/etrechyensembleetsolidaires.fr\/?p=5920"},"modified":"2022-11-02T08:14:02","modified_gmt":"2022-11-02T07:14:02","slug":"5920","status":"publish","type":"post","link":"https:\/\/etrechyensembleetsolidaires.fr\/index.php\/2022\/10\/24\/5920\/","title":{"rendered":"Un panier solidaire"},"content":{"rendered":"\n<p>un panier de l\u00e9gumes \u00ab\u00a0solidaire\u00a0\u00bb &#8230;.et de saison : \u00e7a vous tente ?<\/p>\n\n\n\n<p><\/p>\n\n\n\n<p>c&rsquo;est ce que vous proposent \u00ab\u00a0les potagers du t\u00e9l\u00e9graphe\u00a0\u00bb chaque mercredi en formule 2 ou 4 personnes \u00e0 r\u00e9cup\u00e9rer sur place ou \u00e0 faire livrer. Les l\u00e9gumes sont cultiv\u00e9s sur place, labellis\u00e9s bio, Ecocert et Savoir faire d&rsquo;ici. Il y a m\u00eame un \u00e9levage de poules qui fournit de bons \u0153ufs \u00e0 d\u00e9guster \u00e0 la coque !<\/p>\n\n\n\n<p>Les mara\u00eechers sont des personnes en r\u00e9insertion sociale, et sont encadr\u00e9s par des professionnels. <\/p>\n\n\n\n<p><\/p>\n\n\n<div class=\"wp-block-image\">\n<figure class=\"aligncenter size-large is-resized\"><img loading=\"lazy\" decoding=\"async\" src=\"https:\/\/etrechyensembleetsolidaires.fr\/wp-content\/uploads\/2022\/10\/producteur-potager-du-telegraphe-1024x377.jpg\" alt=\"\" class=\"wp-image-5921\" width=\"565\" height=\"208\" srcset=\"https:\/\/etrechyensembleetsolidaires.fr\/wp-content\/uploads\/2022\/10\/producteur-potager-du-telegraphe-1024x377.jpg 1024w, https:\/\/etrechyensembleetsolidaires.fr\/wp-content\/uploads\/2022\/10\/producteur-potager-du-telegraphe-300x111.jpg 300w, https:\/\/etrechyensembleetsolidaires.fr\/wp-content\/uploads\/2022\/10\/producteur-potager-du-telegraphe-768x283.jpg 768w, https:\/\/etrechyensembleetsolidaires.fr\/wp-content\/uploads\/2022\/10\/producteur-potager-du-telegraphe.jpg 1275w\" sizes=\"auto, (max-width: 565px) 100vw, 565px\" \/><\/figure><\/div>\n\n<div class=\"wp-block-image\">\n<figure class=\"aligncenter size-full is-resized\"><img loading=\"lazy\" decoding=\"async\" src=\"https:\/\/etrechyensembleetsolidaires.fr\/wp-content\/uploads\/2022\/10\/potager-du-telegraphe-1.jpg\" alt=\"\" class=\"wp-image-5922\" width=\"203\" height=\"176\" srcset=\"https:\/\/etrechyensembleetsolidaires.fr\/wp-content\/uploads\/2022\/10\/potager-du-telegraphe-1.jpg 575w, https:\/\/etrechyensembleetsolidaires.fr\/wp-content\/uploads\/2022\/10\/potager-du-telegraphe-1-300x261.jpg 300w\" sizes=\"auto, (max-width: 203px) 100vw, 203px\" \/><\/figure><\/div>\n\n\n<p>Avec votre abonnement, vous accompagnez aussi ce projet en plein champ ou sous serre froide, les l\u00e9gumes de la graine au panier puis \u00e0 votre assiette <a href=\"http:\/\/www.lpdt91.fr\/\">http:\/\/www.lpdt91.fr<\/a> <\/p>\n\n\n\n<p>T\u00e9l : 01 69 16 11 11<\/p>\n","protected":false},"excerpt":{"rendered":"<p>un panier de l\u00e9gumes \u00ab\u00a0solidaire\u00a0\u00bb &#8230;.et de saison : \u00e7a vous tente ? c&rsquo;est ce que vous proposent \u00ab\u00a0les potagers [&hellip;]<\/p>\n","protected":false},"author":7,"featured_media":5921,"comment_status":"open","ping_status":"open","sticky":false,"template":"","format":"standard","meta":{"footnotes":""},"categories":[3,15],"tags":[],"class_list":["post-5920","post","type-post","status-publish","format-standard","has-post-thumbnail","hentry","category-association","category-solidarite-et-civisme"],"_links":{"self":[{"href":"https:\/\/etrechyensembleetsolidaires.fr\/index.php\/wp-json\/wp\/v2\/posts\/5920","targetHints":{"allow":["GET"]}}],"collection":[{"href":"https:\/\/etrechyensembleetsolidaires.fr\/index.php\/wp-json\/wp\/v2\/posts"}],"about":[{"href":"https:\/\/etrechyensembleetsolidaires.fr\/index.php\/wp-json\/wp\/v2\/types\/post"}],"author":[{"embeddable":true,"href":"https:\/\/etrechyensembleetsolidaires.fr\/index.php\/wp-json\/wp\/v2\/users\/7"}],"replies":[{"embeddable":true,"href":"https:\/\/etrechyensembleetsolidaires.fr\/index.php\/wp-json\/wp\/v2\/comments?post=5920"}],"version-history":[{"count":8,"href":"https:\/\/etrechyensembleetsolidaires.fr\/index.php\/wp-json\/wp\/v2\/posts\/5920\/revisions"}],"predecessor-version":[{"id":5935,"href":"https:\/\/etrechyensembleetsolidaires.fr\/index.php\/wp-json\/wp\/v2\/posts\/5920\/revisions\/5935"}],"wp:featuredmedia":[{"embeddable":true,"href":"https:\/\/etrechyensembleetsolidaires.fr\/index.php\/wp-json\/wp\/v2\/media\/5921"}],"wp:attachment":[{"href":"https:\/\/etrechyensembleetsolidaires.fr\/index.php\/wp-json\/wp\/v2\/media?parent=5920"}],"wp:term":[{"taxonomy":"category","embeddable":true,"href":"https:\/\/etrechyensembleetsolidaires.fr\/index.php\/wp-json\/wp\/v2\/categories?post=5920"},{"taxonomy":"post_tag","embeddable":true,"href":"https:\/\/etrechyensembleetsolidaires.fr\/index.php\/wp-json\/wp\/v2\/tags?post=5920"}],"curies":[{"name":"wp","href":"https:\/\/api.w.org\/{rel}","templated":true}]}}