{"id":5764,"date":"2022-09-02T18:00:27","date_gmt":"2022-09-02T16:00:27","guid":{"rendered":"https:\/\/etrechyensembleetsolidaires.fr\/?p=5764"},"modified":"2022-09-28T19:47:24","modified_gmt":"2022-09-28T17:47:24","slug":"une-journee-porte-ouverte-aux-herissons","status":"publish","type":"post","link":"https:\/\/etrechyensembleetsolidaires.fr\/index.php\/2022\/09\/02\/une-journee-porte-ouverte-aux-herissons\/","title":{"rendered":"Une journ\u00e9e porte ouverte aux h\u00e9rissons"},"content":{"rendered":"<div class=\"wp-block-image\">\n<figure class=\"aligncenter size-large is-resized\"><a href=\"https:\/\/etrechyensembleetsolidaires.fr\/wp-content\/uploads\/2022\/09\/DSC_0161-rotated.jpg\"><img loading=\"lazy\" decoding=\"async\" src=\"https:\/\/etrechyensembleetsolidaires.fr\/wp-content\/uploads\/2022\/09\/DSC_0161-683x1024.jpg\" alt=\"\" class=\"wp-image-5766\" width=\"267\" height=\"400\" srcset=\"https:\/\/etrechyensembleetsolidaires.fr\/wp-content\/uploads\/2022\/09\/DSC_0161-683x1024.jpg 683w, https:\/\/etrechyensembleetsolidaires.fr\/wp-content\/uploads\/2022\/09\/DSC_0161-200x300.jpg 200w, https:\/\/etrechyensembleetsolidaires.fr\/wp-content\/uploads\/2022\/09\/DSC_0161-768x1152.jpg 768w, https:\/\/etrechyensembleetsolidaires.fr\/wp-content\/uploads\/2022\/09\/DSC_0161-1024x1536.jpg 1024w, https:\/\/etrechyensembleetsolidaires.fr\/wp-content\/uploads\/2022\/09\/DSC_0161-1365x2048.jpg 1365w, https:\/\/etrechyensembleetsolidaires.fr\/wp-content\/uploads\/2022\/09\/DSC_0161-rotated.jpg 1536w\" sizes=\"auto, (max-width: 267px) 100vw, 267px\" \/><\/a><\/figure><\/div>\n\n\n<p>Michel Prudo (ci dessus) avait d\u00e9cid\u00e9 de faire une Journ\u00e9e Porte Ouverte mais au final il fera un abri bien prot\u00e9g\u00e9 avec un obstacle devant son abri pour h\u00e9risson.<\/p>\n\n\n\n<figure class=\"wp-block-gallery has-nested-images columns-default is-cropped wp-block-gallery-1 is-layout-flex wp-block-gallery-is-layout-flex\">\n<figure class=\"wp-block-image size-large\"><a href=\"https:\/\/etrechyensembleetsolidaires.fr\/wp-content\/uploads\/2022\/09\/DSC_0158.jpg\"><img loading=\"lazy\" decoding=\"async\" width=\"1024\" height=\"683\" data-id=\"5768\" src=\"https:\/\/etrechyensembleetsolidaires.fr\/wp-content\/uploads\/2022\/09\/DSC_0158-1024x683.jpg\" alt=\"\" class=\"wp-image-5768\" srcset=\"https:\/\/etrechyensembleetsolidaires.fr\/wp-content\/uploads\/2022\/09\/DSC_0158-1024x683.jpg 1024w, https:\/\/etrechyensembleetsolidaires.fr\/wp-content\/uploads\/2022\/09\/DSC_0158-300x200.jpg 300w, https:\/\/etrechyensembleetsolidaires.fr\/wp-content\/uploads\/2022\/09\/DSC_0158-768x512.jpg 768w, https:\/\/etrechyensembleetsolidaires.fr\/wp-content\/uploads\/2022\/09\/DSC_0158-1536x1024.jpg 1536w, https:\/\/etrechyensembleetsolidaires.fr\/wp-content\/uploads\/2022\/09\/DSC_0158-2048x1365.jpg 2048w, https:\/\/etrechyensembleetsolidaires.fr\/wp-content\/uploads\/2022\/09\/DSC_0158-600x400.jpg 600w\" sizes=\"auto, (max-width: 1024px) 100vw, 1024px\" \/><\/a><\/figure>\n\n\n\n<figure class=\"wp-block-image size-large\"><a href=\"https:\/\/etrechyensembleetsolidaires.fr\/wp-content\/uploads\/2022\/09\/DSC_0159.jpg\"><img loading=\"lazy\" decoding=\"async\" width=\"1024\" height=\"683\" data-id=\"5765\" src=\"https:\/\/etrechyensembleetsolidaires.fr\/wp-content\/uploads\/2022\/09\/DSC_0159-1024x683.jpg\" alt=\"\" class=\"wp-image-5765\" srcset=\"https:\/\/etrechyensembleetsolidaires.fr\/wp-content\/uploads\/2022\/09\/DSC_0159-1024x683.jpg 1024w, https:\/\/etrechyensembleetsolidaires.fr\/wp-content\/uploads\/2022\/09\/DSC_0159-300x200.jpg 300w, https:\/\/etrechyensembleetsolidaires.fr\/wp-content\/uploads\/2022\/09\/DSC_0159-768x512.jpg 768w, https:\/\/etrechyensembleetsolidaires.fr\/wp-content\/uploads\/2022\/09\/DSC_0159-1536x1024.jpg 1536w, https:\/\/etrechyensembleetsolidaires.fr\/wp-content\/uploads\/2022\/09\/DSC_0159-2048x1365.jpg 2048w, https:\/\/etrechyensembleetsolidaires.fr\/wp-content\/uploads\/2022\/09\/DSC_0159-600x400.jpg 600w\" sizes=\"auto, (max-width: 1024px) 100vw, 1024px\" \/><\/a><\/figure>\n\n\n\n<figure class=\"wp-block-image size-large\"><a href=\"https:\/\/etrechyensembleetsolidaires.fr\/wp-content\/uploads\/2022\/09\/DSC_0160-rotated.jpg\"><img loading=\"lazy\" decoding=\"async\" width=\"683\" height=\"1024\" data-id=\"5767\" src=\"https:\/\/etrechyensembleetsolidaires.fr\/wp-content\/uploads\/2022\/09\/DSC_0160-683x1024.jpg\" alt=\"\" class=\"wp-image-5767\" srcset=\"https:\/\/etrechyensembleetsolidaires.fr\/wp-content\/uploads\/2022\/09\/DSC_0160-683x1024.jpg 683w, https:\/\/etrechyensembleetsolidaires.fr\/wp-content\/uploads\/2022\/09\/DSC_0160-200x300.jpg 200w, https:\/\/etrechyensembleetsolidaires.fr\/wp-content\/uploads\/2022\/09\/DSC_0160-768x1152.jpg 768w, https:\/\/etrechyensembleetsolidaires.fr\/wp-content\/uploads\/2022\/09\/DSC_0160-1024x1536.jpg 1024w, https:\/\/etrechyensembleetsolidaires.fr\/wp-content\/uploads\/2022\/09\/DSC_0160-1365x2048.jpg 1365w, https:\/\/etrechyensembleetsolidaires.fr\/wp-content\/uploads\/2022\/09\/DSC_0160-rotated.jpg 1536w\" sizes=\"auto, (max-width: 683px) 100vw, 683px\" \/><\/a><\/figure>\n<\/figure>\n\n\n\n<p>Devant l&rsquo;entr\u00e9e, vous pouvez remarquer ce morceau de bois n\u00e9cessaire, pour \u00e9viter toute intrusion. <\/p>\n\n\n\n<blockquote class=\"wp-block-quote is-layout-flow wp-block-quote-is-layout-flow\"><p>&#8211; Avant, la dur\u00e9e de vie du h\u00e9risson c&rsquo;\u00e9tait 10ans , maintenant 2 ans. Automobilistes, ralentissez&#8230;<\/p><p>&#8211; Cet abri, sans protection, sans soin ne pourra pas rester ainsi &#8230;<\/p><p>&#8211; Si la Mairie pouvait me mettre un petit panneau, je lui serait reconnaissant &#8230;<\/p><cite>Michel Prudo<\/cite><\/blockquote>\n","protected":false},"excerpt":{"rendered":"<p>Michel Prudo (ci dessus) avait d\u00e9cid\u00e9 de faire une Journ\u00e9e Porte Ouverte mais au final il fera un abri bien [&hellip;]<\/p>\n","protected":false},"author":2,"featured_media":5765,"comment_status":"open","ping_status":"open","sticky":false,"template":"","format":"standard","meta":{"footnotes":""},"categories":[16],"tags":[],"class_list":["post-5764","post","type-post","status-publish","format-standard","has-post-thumbnail","hentry","category-ecologie"],"_links":{"self":[{"href":"https:\/\/etrechyensembleetsolidaires.fr\/index.php\/wp-json\/wp\/v2\/posts\/5764","targetHints":{"allow":["GET"]}}],"collection":[{"href":"https:\/\/etrechyensembleetsolidaires.fr\/index.php\/wp-json\/wp\/v2\/posts"}],"about":[{"href":"https:\/\/etrechyensembleetsolidaires.fr\/index.php\/wp-json\/wp\/v2\/types\/post"}],"author":[{"embeddable":true,"href":"https:\/\/etrechyensembleetsolidaires.fr\/index.php\/wp-json\/wp\/v2\/users\/2"}],"replies":[{"embeddable":true,"href":"https:\/\/etrechyensembleetsolidaires.fr\/index.php\/wp-json\/wp\/v2\/comments?post=5764"}],"version-history":[{"count":2,"href":"https:\/\/etrechyensembleetsolidaires.fr\/index.php\/wp-json\/wp\/v2\/posts\/5764\/revisions"}],"predecessor-version":[{"id":5826,"href":"https:\/\/etrechyensembleetsolidaires.fr\/index.php\/wp-json\/wp\/v2\/posts\/5764\/revisions\/5826"}],"wp:featuredmedia":[{"embeddable":true,"href":"https:\/\/etrechyensembleetsolidaires.fr\/index.php\/wp-json\/wp\/v2\/media\/5765"}],"wp:attachment":[{"href":"https:\/\/etrechyensembleetsolidaires.fr\/index.php\/wp-json\/wp\/v2\/media?parent=5764"}],"wp:term":[{"taxonomy":"category","embeddable":true,"href":"https:\/\/etrechyensembleetsolidaires.fr\/index.php\/wp-json\/wp\/v2\/categories?post=5764"},{"taxonomy":"post_tag","embeddable":true,"href":"https:\/\/etrechyensembleetsolidaires.fr\/index.php\/wp-json\/wp\/v2\/tags?post=5764"}],"curies":[{"name":"wp","href":"https:\/\/api.w.org\/{rel}","templated":true}]}}