{"id":5473,"date":"2022-05-08T12:44:27","date_gmt":"2022-05-08T10:44:27","guid":{"rendered":"https:\/\/etrechyensembleetsolidaires.fr\/?p=5473"},"modified":"2022-05-17T15:52:34","modified_gmt":"2022-05-17T13:52:34","slug":"que-se-passait-il-a-etrechy-ce-dimanche-8-mai-2022","status":"publish","type":"post","link":"https:\/\/etrechyensembleetsolidaires.fr\/index.php\/2022\/05\/08\/que-se-passait-il-a-etrechy-ce-dimanche-8-mai-2022\/","title":{"rendered":"Que se passait-il \u00e0 Etr\u00e9chy ce dimanche 8 Mai 2022\u00a0?"},"content":{"rendered":"\n<figure class=\"wp-block-gallery has-nested-images columns-default is-cropped wp-block-gallery-1 is-layout-flex wp-block-gallery-is-layout-flex\">\n<figure class=\"wp-block-image size-large\"><img loading=\"lazy\" decoding=\"async\" width=\"1224\" height=\"1632\" data-id=\"5482\" src=\"https:\/\/etrechyensembleetsolidaires.fr\/wp-content\/uploads\/2021\/02\/20220508_111305_resized.jpg\" alt=\"\" class=\"wp-image-5482\" srcset=\"https:\/\/etrechyensembleetsolidaires.fr\/wp-content\/uploads\/2021\/02\/20220508_111305_resized.jpg 1224w, https:\/\/etrechyensembleetsolidaires.fr\/wp-content\/uploads\/2021\/02\/20220508_111305_resized-225x300.jpg 225w, https:\/\/etrechyensembleetsolidaires.fr\/wp-content\/uploads\/2021\/02\/20220508_111305_resized-768x1024.jpg 768w, https:\/\/etrechyensembleetsolidaires.fr\/wp-content\/uploads\/2021\/02\/20220508_111305_resized-1152x1536.jpg 1152w\" sizes=\"auto, (max-width: 1224px) 100vw, 1224px\" \/><\/figure>\n\n\n\n<figure class=\"wp-block-image size-large\"><img loading=\"lazy\" decoding=\"async\" width=\"1224\" height=\"1632\" data-id=\"5481\" src=\"https:\/\/etrechyensembleetsolidaires.fr\/wp-content\/uploads\/2021\/02\/20220508_111000_resized.jpg\" alt=\"\" class=\"wp-image-5481\" srcset=\"https:\/\/etrechyensembleetsolidaires.fr\/wp-content\/uploads\/2021\/02\/20220508_111000_resized.jpg 1224w, https:\/\/etrechyensembleetsolidaires.fr\/wp-content\/uploads\/2021\/02\/20220508_111000_resized-225x300.jpg 225w, https:\/\/etrechyensembleetsolidaires.fr\/wp-content\/uploads\/2021\/02\/20220508_111000_resized-768x1024.jpg 768w, https:\/\/etrechyensembleetsolidaires.fr\/wp-content\/uploads\/2021\/02\/20220508_111000_resized-1152x1536.jpg 1152w\" sizes=\"auto, (max-width: 1224px) 100vw, 1224px\" \/><\/figure>\n<\/figure>\n\n\n\n<p><br>D\u2019abord sur le march\u00e9, je trouve le stand de la confr\u00e9rie Saint Vincent avec ses b\u00e9n\u00e9voles qui<br>proposent fi\u00e8rement leur premi\u00e8re et abondante miell\u00e9e ainsi que les premi\u00e8res confitures de<br>rhubarbe (un bon moyen de l\u2019appr\u00e9cier pour ceux qui auraient des \u00ab\u00a0\u00e0 priori\u00a0\u00bb).<\/p>\n\n\n\n<div class=\"wp-block-image is-style-rounded\"><figure class=\"aligncenter size-large is-resized\"><img loading=\"lazy\" decoding=\"async\" src=\"https:\/\/etrechyensembleetsolidaires.fr\/wp-content\/uploads\/2021\/02\/20220508_110008_resized.jpg\" alt=\"\" class=\"wp-image-5476\" width=\"548\" height=\"731\" srcset=\"https:\/\/etrechyensembleetsolidaires.fr\/wp-content\/uploads\/2021\/02\/20220508_110008_resized.jpg 1224w, https:\/\/etrechyensembleetsolidaires.fr\/wp-content\/uploads\/2021\/02\/20220508_110008_resized-225x300.jpg 225w, https:\/\/etrechyensembleetsolidaires.fr\/wp-content\/uploads\/2021\/02\/20220508_110008_resized-768x1024.jpg 768w, https:\/\/etrechyensembleetsolidaires.fr\/wp-content\/uploads\/2021\/02\/20220508_110008_resized-1152x1536.jpg 1152w\" sizes=\"auto, (max-width: 548px) 100vw, 548px\" \/><\/figure><\/div>\n\n\n\n<p><br>Avan\u00e7ons un peu, les b\u00e9n\u00e9voles du jumelage font la promotion des manifestations du cinquanti\u00e8me anniversaire et proposent des jeux pour mieux comprendre l\u2019Europe, nos villes jumelles et inciter les Str\u00e9piniacois \u00e0 accueillir une famille de jumeaux \u00e0 la maison.<br>En se faufilant pour faire la queue chez les commer\u00e7ants, je suis vite rattrap\u00e9e par 3 \u00e9l\u00e8ves<br>souriantes et enthousiastes qui distribuent un petit m\u00e9mo issu de leur travail sur le d\u00e9veloppement durable\u00a0: \u00e0 y regarder de plus pr\u00e8s, il s\u2019agit de quelques recommandations sur les d\u00e9chets quotidiens polluants. Je leur pose quelques questions sur la fa\u00e7on dont ce document a \u00e9t\u00e9 \u00e9labor\u00e9 et comme il est interne au Conseil Municipal des Enfants,  il semble qu\u2019il ne serve pas \u00e0 informer aussi les autres \u00e9l\u00e8ves des \u00e9coles d\u2019Etr\u00e9chy\u00a0!<br>Une fille me r\u00e9pond qu\u2019elle le dit \u00e0 ses camarades\u00a0: \u00ab\u00a0mais tu ne risques pas de les prendre en flagrant d\u00e9lit de jeter un m\u00e9got ou une canette dans la cour de l\u2019\u00e9cole\u00a0!\u00bb Elle en est convenue.<\/p>\n\n\n\n<figure class=\"wp-block-gallery has-nested-images columns-default is-cropped wp-block-gallery-2 is-layout-flex wp-block-gallery-is-layout-flex\">\n<figure class=\"wp-block-image size-large\"><img loading=\"lazy\" decoding=\"async\" width=\"1224\" height=\"1632\" data-id=\"5478\" src=\"https:\/\/etrechyensembleetsolidaires.fr\/wp-content\/uploads\/2021\/02\/20220508_110331_resized.jpg\" alt=\"\" class=\"wp-image-5478\" srcset=\"https:\/\/etrechyensembleetsolidaires.fr\/wp-content\/uploads\/2021\/02\/20220508_110331_resized.jpg 1224w, https:\/\/etrechyensembleetsolidaires.fr\/wp-content\/uploads\/2021\/02\/20220508_110331_resized-225x300.jpg 225w, https:\/\/etrechyensembleetsolidaires.fr\/wp-content\/uploads\/2021\/02\/20220508_110331_resized-768x1024.jpg 768w, https:\/\/etrechyensembleetsolidaires.fr\/wp-content\/uploads\/2021\/02\/20220508_110331_resized-1152x1536.jpg 1152w\" sizes=\"auto, (max-width: 1224px) 100vw, 1224px\" \/><\/figure>\n\n\n\n<figure class=\"wp-block-image size-large\"><img loading=\"lazy\" decoding=\"async\" width=\"1224\" height=\"1632\" data-id=\"5479\" src=\"https:\/\/etrechyensembleetsolidaires.fr\/wp-content\/uploads\/2021\/02\/20220508_110353_resized.jpg\" alt=\"\" class=\"wp-image-5479\" srcset=\"https:\/\/etrechyensembleetsolidaires.fr\/wp-content\/uploads\/2021\/02\/20220508_110353_resized.jpg 1224w, https:\/\/etrechyensembleetsolidaires.fr\/wp-content\/uploads\/2021\/02\/20220508_110353_resized-225x300.jpg 225w, https:\/\/etrechyensembleetsolidaires.fr\/wp-content\/uploads\/2021\/02\/20220508_110353_resized-768x1024.jpg 768w, https:\/\/etrechyensembleetsolidaires.fr\/wp-content\/uploads\/2021\/02\/20220508_110353_resized-1152x1536.jpg 1152w\" sizes=\"auto, (max-width: 1224px) 100vw, 1224px\" \/><\/figure>\n\n\n\n<figure class=\"wp-block-image size-large\"><img loading=\"lazy\" decoding=\"async\" width=\"1224\" height=\"1632\" data-id=\"5477\" src=\"https:\/\/etrechyensembleetsolidaires.fr\/wp-content\/uploads\/2021\/02\/20220508_110306_resized.jpg\" alt=\"\" class=\"wp-image-5477\" srcset=\"https:\/\/etrechyensembleetsolidaires.fr\/wp-content\/uploads\/2021\/02\/20220508_110306_resized.jpg 1224w, https:\/\/etrechyensembleetsolidaires.fr\/wp-content\/uploads\/2021\/02\/20220508_110306_resized-225x300.jpg 225w, https:\/\/etrechyensembleetsolidaires.fr\/wp-content\/uploads\/2021\/02\/20220508_110306_resized-768x1024.jpg 768w, https:\/\/etrechyensembleetsolidaires.fr\/wp-content\/uploads\/2021\/02\/20220508_110306_resized-1152x1536.jpg 1152w\" sizes=\"auto, (max-width: 1224px) 100vw, 1224px\" \/><\/figure>\n\n\n\n<figure class=\"wp-block-image size-large\"><img loading=\"lazy\" decoding=\"async\" width=\"1224\" height=\"1632\" data-id=\"5480\" src=\"https:\/\/etrechyensembleetsolidaires.fr\/wp-content\/uploads\/2021\/02\/20220508_110824_resized.jpg\" alt=\"\" class=\"wp-image-5480\" srcset=\"https:\/\/etrechyensembleetsolidaires.fr\/wp-content\/uploads\/2021\/02\/20220508_110824_resized.jpg 1224w, https:\/\/etrechyensembleetsolidaires.fr\/wp-content\/uploads\/2021\/02\/20220508_110824_resized-225x300.jpg 225w, https:\/\/etrechyensembleetsolidaires.fr\/wp-content\/uploads\/2021\/02\/20220508_110824_resized-768x1024.jpg 768w, https:\/\/etrechyensembleetsolidaires.fr\/wp-content\/uploads\/2021\/02\/20220508_110824_resized-1152x1536.jpg 1152w\" sizes=\"auto, (max-width: 1224px) 100vw, 1224px\" \/><\/figure>\n<\/figure>\n\n\n\n<p><br>Comme il est presque 11 heures je me dirige vers le square Duval o\u00f9 la c\u00e9r\u00e9monie du souvenir de<br>l\u2019armistice va se d\u00e9rouler\u00a0: j\u2019y vois tr\u00e8s peu de public, en dehors des parents des enfants du CME et<br>des familles des porte-drapeaux\u00a0! Et je remarque que des adultes bavardent entre eux m\u00eame<br>pendant la minute de silence ou la lecture du message de Mme Darieusec qui pourtant \u00e9tait bien<br>document\u00e9 et r\u00e9dig\u00e9 de mani\u00e8re percutante. M\u00eame les enfants ont \u00e9t\u00e9 plus corrects malgr\u00e9 les<br>fourmis qui titillaient leurs jambes\u00a0!<br>Tiens, un vin d\u2019honneur est servi pour la deuxi\u00e8me  fois ce mois ci\u00a0! Et \u00e7a se passe dehors\u00a0!<\/p>\n","protected":false},"excerpt":{"rendered":"<p>D\u2019abord sur le march\u00e9, je trouve le stand de la confr\u00e9rie Saint Vincent avec ses b\u00e9n\u00e9voles quiproposent fi\u00e8rement leur premi\u00e8re [&hellip;]<\/p>\n","protected":false},"author":7,"featured_media":5475,"comment_status":"open","ping_status":"open","sticky":false,"template":"","format":"standard","meta":{"footnotes":""},"categories":[14,1],"tags":[],"class_list":["post-5473","post","type-post","status-publish","format-standard","has-post-thumbnail","hentry","category-citoyennete","category-non-classe"],"_links":{"self":[{"href":"https:\/\/etrechyensembleetsolidaires.fr\/index.php\/wp-json\/wp\/v2\/posts\/5473","targetHints":{"allow":["GET"]}}],"collection":[{"href":"https:\/\/etrechyensembleetsolidaires.fr\/index.php\/wp-json\/wp\/v2\/posts"}],"about":[{"href":"https:\/\/etrechyensembleetsolidaires.fr\/index.php\/wp-json\/wp\/v2\/types\/post"}],"author":[{"embeddable":true,"href":"https:\/\/etrechyensembleetsolidaires.fr\/index.php\/wp-json\/wp\/v2\/users\/7"}],"replies":[{"embeddable":true,"href":"https:\/\/etrechyensembleetsolidaires.fr\/index.php\/wp-json\/wp\/v2\/comments?post=5473"}],"version-history":[{"count":7,"href":"https:\/\/etrechyensembleetsolidaires.fr\/index.php\/wp-json\/wp\/v2\/posts\/5473\/revisions"}],"predecessor-version":[{"id":5493,"href":"https:\/\/etrechyensembleetsolidaires.fr\/index.php\/wp-json\/wp\/v2\/posts\/5473\/revisions\/5493"}],"wp:featuredmedia":[{"embeddable":true,"href":"https:\/\/etrechyensembleetsolidaires.fr\/index.php\/wp-json\/wp\/v2\/media\/5475"}],"wp:attachment":[{"href":"https:\/\/etrechyensembleetsolidaires.fr\/index.php\/wp-json\/wp\/v2\/media?parent=5473"}],"wp:term":[{"taxonomy":"category","embeddable":true,"href":"https:\/\/etrechyensembleetsolidaires.fr\/index.php\/wp-json\/wp\/v2\/categories?post=5473"},{"taxonomy":"post_tag","embeddable":true,"href":"https:\/\/etrechyensembleetsolidaires.fr\/index.php\/wp-json\/wp\/v2\/tags?post=5473"}],"curies":[{"name":"wp","href":"https:\/\/api.w.org\/{rel}","templated":true}]}}