{"id":5072,"date":"2022-01-03T13:55:07","date_gmt":"2022-01-03T12:55:07","guid":{"rendered":"https:\/\/etrechyensembleetsolidaires.fr\/?p=5072"},"modified":"2022-01-03T13:55:08","modified_gmt":"2022-01-03T12:55:08","slug":"les-fruits-et-legumes-de-janvier","status":"publish","type":"post","link":"https:\/\/etrechyensembleetsolidaires.fr\/index.php\/2022\/01\/03\/les-fruits-et-legumes-de-janvier\/","title":{"rendered":"Les fruits et l\u00e9gumes de janvier"},"content":{"rendered":"\n<p>Etr\u00e9chy Ensemble et Solidaires s&rsquo;est inspir\u00e9 de certains tableaux venant du site Greenpeace sans aucune autre publicit\u00e9. Nous les saluons.<\/p>\n\n\n\n<figure class=\"wp-block-image size-large\"><img loading=\"lazy\" decoding=\"async\" width=\"1024\" height=\"931\" src=\"https:\/\/etrechyensembleetsolidaires.fr\/wp-content\/uploads\/2022\/01\/Capture-d\u2019e\u0301cran-2022-01-03-a\u0300-13.47.44-1024x931.png\" alt=\"\" class=\"wp-image-5073\" srcset=\"https:\/\/etrechyensembleetsolidaires.fr\/wp-content\/uploads\/2022\/01\/Capture-d\u2019e\u0301cran-2022-01-03-a\u0300-13.47.44-1024x931.png 1024w, https:\/\/etrechyensembleetsolidaires.fr\/wp-content\/uploads\/2022\/01\/Capture-d\u2019e\u0301cran-2022-01-03-a\u0300-13.47.44-300x273.png 300w, https:\/\/etrechyensembleetsolidaires.fr\/wp-content\/uploads\/2022\/01\/Capture-d\u2019e\u0301cran-2022-01-03-a\u0300-13.47.44-768x699.png 768w, https:\/\/etrechyensembleetsolidaires.fr\/wp-content\/uploads\/2022\/01\/Capture-d\u2019e\u0301cran-2022-01-03-a\u0300-13.47.44.png 1282w\" sizes=\"auto, (max-width: 1024px) 100vw, 1024px\" \/><\/figure>\n\n\n\n<figure class=\"wp-block-image size-large\"><img loading=\"lazy\" decoding=\"async\" width=\"1024\" height=\"538\" src=\"https:\/\/etrechyensembleetsolidaires.fr\/wp-content\/uploads\/2022\/01\/Capture-d\u2019e\u0301cran-2022-01-03-a\u0300-13.47.53-1024x538.png\" alt=\"\" class=\"wp-image-5074\" srcset=\"https:\/\/etrechyensembleetsolidaires.fr\/wp-content\/uploads\/2022\/01\/Capture-d\u2019e\u0301cran-2022-01-03-a\u0300-13.47.53-1024x538.png 1024w, https:\/\/etrechyensembleetsolidaires.fr\/wp-content\/uploads\/2022\/01\/Capture-d\u2019e\u0301cran-2022-01-03-a\u0300-13.47.53-300x158.png 300w, https:\/\/etrechyensembleetsolidaires.fr\/wp-content\/uploads\/2022\/01\/Capture-d\u2019e\u0301cran-2022-01-03-a\u0300-13.47.53-768x403.png 768w, https:\/\/etrechyensembleetsolidaires.fr\/wp-content\/uploads\/2022\/01\/Capture-d\u2019e\u0301cran-2022-01-03-a\u0300-13.47.53.png 1276w\" sizes=\"auto, (max-width: 1024px) 100vw, 1024px\" \/><\/figure>\n\n\n\n<figure class=\"wp-block-image size-large\"><img loading=\"lazy\" decoding=\"async\" width=\"1024\" height=\"211\" src=\"https:\/\/etrechyensembleetsolidaires.fr\/wp-content\/uploads\/2022\/01\/Capture-d\u2019e\u0301cran-2022-01-03-a\u0300-13.48.06-1024x211.png\" alt=\"\" class=\"wp-image-5075\" srcset=\"https:\/\/etrechyensembleetsolidaires.fr\/wp-content\/uploads\/2022\/01\/Capture-d\u2019e\u0301cran-2022-01-03-a\u0300-13.48.06-1024x211.png 1024w, https:\/\/etrechyensembleetsolidaires.fr\/wp-content\/uploads\/2022\/01\/Capture-d\u2019e\u0301cran-2022-01-03-a\u0300-13.48.06-300x62.png 300w, https:\/\/etrechyensembleetsolidaires.fr\/wp-content\/uploads\/2022\/01\/Capture-d\u2019e\u0301cran-2022-01-03-a\u0300-13.48.06-768x158.png 768w, https:\/\/etrechyensembleetsolidaires.fr\/wp-content\/uploads\/2022\/01\/Capture-d\u2019e\u0301cran-2022-01-03-a\u0300-13.48.06.png 1274w\" sizes=\"auto, (max-width: 1024px) 100vw, 1024px\" \/><\/figure>\n","protected":false},"excerpt":{"rendered":"<p>Etr\u00e9chy Ensemble et Solidaires s&rsquo;est inspir\u00e9 de certains tableaux venant du site Greenpeace sans aucune autre publicit\u00e9. Nous les saluons.<\/p>\n","protected":false},"author":2,"featured_media":5077,"comment_status":"open","ping_status":"closed","sticky":false,"template":"","format":"standard","meta":{"footnotes":""},"categories":[3,16,17],"tags":[],"class_list":["post-5072","post","type-post","status-publish","format-standard","has-post-thumbnail","hentry","category-association","category-ecologie","category-gastronomie-culture-et-patrimoine"],"_links":{"self":[{"href":"https:\/\/etrechyensembleetsolidaires.fr\/index.php\/wp-json\/wp\/v2\/posts\/5072","targetHints":{"allow":["GET"]}}],"collection":[{"href":"https:\/\/etrechyensembleetsolidaires.fr\/index.php\/wp-json\/wp\/v2\/posts"}],"about":[{"href":"https:\/\/etrechyensembleetsolidaires.fr\/index.php\/wp-json\/wp\/v2\/types\/post"}],"author":[{"embeddable":true,"href":"https:\/\/etrechyensembleetsolidaires.fr\/index.php\/wp-json\/wp\/v2\/users\/2"}],"replies":[{"embeddable":true,"href":"https:\/\/etrechyensembleetsolidaires.fr\/index.php\/wp-json\/wp\/v2\/comments?post=5072"}],"version-history":[{"count":1,"href":"https:\/\/etrechyensembleetsolidaires.fr\/index.php\/wp-json\/wp\/v2\/posts\/5072\/revisions"}],"predecessor-version":[{"id":5076,"href":"https:\/\/etrechyensembleetsolidaires.fr\/index.php\/wp-json\/wp\/v2\/posts\/5072\/revisions\/5076"}],"wp:featuredmedia":[{"embeddable":true,"href":"https:\/\/etrechyensembleetsolidaires.fr\/index.php\/wp-json\/wp\/v2\/media\/5077"}],"wp:attachment":[{"href":"https:\/\/etrechyensembleetsolidaires.fr\/index.php\/wp-json\/wp\/v2\/media?parent=5072"}],"wp:term":[{"taxonomy":"category","embeddable":true,"href":"https:\/\/etrechyensembleetsolidaires.fr\/index.php\/wp-json\/wp\/v2\/categories?post=5072"},{"taxonomy":"post_tag","embeddable":true,"href":"https:\/\/etrechyensembleetsolidaires.fr\/index.php\/wp-json\/wp\/v2\/tags?post=5072"}],"curies":[{"name":"wp","href":"https:\/\/api.w.org\/{rel}","templated":true}]}}