{"id":5041,"date":"2021-12-16T12:17:08","date_gmt":"2021-12-16T11:17:08","guid":{"rendered":"https:\/\/etrechyensembleetsolidaires.fr\/?p=5041"},"modified":"2021-12-20T14:34:39","modified_gmt":"2021-12-20T13:34:39","slug":"le-strepiniacom-n28","status":"publish","type":"post","link":"https:\/\/etrechyensembleetsolidaires.fr\/index.php\/2021\/12\/16\/le-strepiniacom-n28\/","title":{"rendered":"Le Str\u00e9pinia&rsquo;com N\u00b028"},"content":{"rendered":"\n<p>Apr\u00e8s avoir effectu\u00e9 la distribution dans vos bo\u00eetes aux lettres,  <strong>Etr\u00e9chy Ensemble et Solidaires<\/strong> est heureux de vous le pr\u00e9senter sous forme \u00ab\u00a0d\u00e9mat\u00e9rialis\u00e9e\u00a0\u00bb .<\/p>\n\n\n\n<div class=\"wp-block-file\"><a href=\"https:\/\/etrechyensembleetsolidaires.fr\/wp-content\/uploads\/2021\/12\/FRA551501.pdf\">Veuillez cliquer ici pour<\/a><a href=\"https:\/\/etrechyensembleetsolidaires.fr\/wp-content\/uploads\/2021\/12\/FRA551501.pdf\" class=\"wp-block-file__button\" download>T\u00e9l\u00e9charger<\/a><\/div>\n\n\n\n<figure class=\"wp-block-gallery columns-0 is-cropped wp-block-gallery-1 is-layout-flex wp-block-gallery-is-layout-flex\"><ul class=\"blocks-gallery-grid\"><li class=\"blocks-gallery-item\"><figure><a href=\"https:\/\/etrechyensembleetsolidaires.fr\/wp-content\/uploads\/2021\/12\/Capture-d\u2019e\u0301cran-2021-12-16-a\u0300-12.10.17.png\"><img loading=\"lazy\" decoding=\"async\" width=\"722\" height=\"1024\" src=\"https:\/\/etrechyensembleetsolidaires.fr\/wp-content\/uploads\/2021\/12\/Capture-d\u2019e\u0301cran-2021-12-16-a\u0300-12.10.17-722x1024.png\" alt=\"\" data-id=\"5042\" data-full-url=\"https:\/\/etrechyensembleetsolidaires.fr\/wp-content\/uploads\/2021\/12\/Capture-d\u2019e\u0301cran-2021-12-16-a\u0300-12.10.17.png\" data-link=\"https:\/\/etrechyensembleetsolidaires.fr\/?attachment_id=5042\" class=\"wp-image-5042\" srcset=\"https:\/\/etrechyensembleetsolidaires.fr\/wp-content\/uploads\/2021\/12\/Capture-d\u2019e\u0301cran-2021-12-16-a\u0300-12.10.17-722x1024.png 722w, https:\/\/etrechyensembleetsolidaires.fr\/wp-content\/uploads\/2021\/12\/Capture-d\u2019e\u0301cran-2021-12-16-a\u0300-12.10.17-212x300.png 212w, https:\/\/etrechyensembleetsolidaires.fr\/wp-content\/uploads\/2021\/12\/Capture-d\u2019e\u0301cran-2021-12-16-a\u0300-12.10.17-768x1089.png 768w, https:\/\/etrechyensembleetsolidaires.fr\/wp-content\/uploads\/2021\/12\/Capture-d\u2019e\u0301cran-2021-12-16-a\u0300-12.10.17-1083x1536.png 1083w, https:\/\/etrechyensembleetsolidaires.fr\/wp-content\/uploads\/2021\/12\/Capture-d\u2019e\u0301cran-2021-12-16-a\u0300-12.10.17.png 1240w\" sizes=\"auto, (max-width: 722px) 100vw, 722px\" \/><\/a><\/figure><\/li><li class=\"blocks-gallery-item\"><figure><a href=\"https:\/\/etrechyensembleetsolidaires.fr\/wp-content\/uploads\/2021\/12\/Capture-d\u2019e\u0301cran-2021-12-16-a\u0300-12.10.34.png\"><img loading=\"lazy\" decoding=\"async\" width=\"725\" height=\"1024\" src=\"https:\/\/etrechyensembleetsolidaires.fr\/wp-content\/uploads\/2021\/12\/Capture-d\u2019e\u0301cran-2021-12-16-a\u0300-12.10.34-725x1024.png\" alt=\"\" data-id=\"5043\" data-full-url=\"https:\/\/etrechyensembleetsolidaires.fr\/wp-content\/uploads\/2021\/12\/Capture-d\u2019e\u0301cran-2021-12-16-a\u0300-12.10.34.png\" data-link=\"https:\/\/etrechyensembleetsolidaires.fr\/?attachment_id=5043\" class=\"wp-image-5043\" srcset=\"https:\/\/etrechyensembleetsolidaires.fr\/wp-content\/uploads\/2021\/12\/Capture-d\u2019e\u0301cran-2021-12-16-a\u0300-12.10.34-725x1024.png 725w, https:\/\/etrechyensembleetsolidaires.fr\/wp-content\/uploads\/2021\/12\/Capture-d\u2019e\u0301cran-2021-12-16-a\u0300-12.10.34-212x300.png 212w, https:\/\/etrechyensembleetsolidaires.fr\/wp-content\/uploads\/2021\/12\/Capture-d\u2019e\u0301cran-2021-12-16-a\u0300-12.10.34-768x1084.png 768w, https:\/\/etrechyensembleetsolidaires.fr\/wp-content\/uploads\/2021\/12\/Capture-d\u2019e\u0301cran-2021-12-16-a\u0300-12.10.34-1088x1536.png 1088w, https:\/\/etrechyensembleetsolidaires.fr\/wp-content\/uploads\/2021\/12\/Capture-d\u2019e\u0301cran-2021-12-16-a\u0300-12.10.34.png 1248w\" sizes=\"auto, (max-width: 725px) 100vw, 725px\" \/><\/a><\/figure><\/li><li class=\"blocks-gallery-item\"><figure><a href=\"https:\/\/etrechyensembleetsolidaires.fr\/wp-content\/uploads\/2021\/12\/Capture-d\u2019e\u0301cran-2021-12-16-a\u0300-12.10.48.png\"><img loading=\"lazy\" decoding=\"async\" width=\"727\" height=\"1024\" src=\"https:\/\/etrechyensembleetsolidaires.fr\/wp-content\/uploads\/2021\/12\/Capture-d\u2019e\u0301cran-2021-12-16-a\u0300-12.10.48-727x1024.png\" alt=\"\" data-id=\"5044\" data-full-url=\"https:\/\/etrechyensembleetsolidaires.fr\/wp-content\/uploads\/2021\/12\/Capture-d\u2019e\u0301cran-2021-12-16-a\u0300-12.10.48.png\" data-link=\"https:\/\/etrechyensembleetsolidaires.fr\/?attachment_id=5044\" class=\"wp-image-5044\" srcset=\"https:\/\/etrechyensembleetsolidaires.fr\/wp-content\/uploads\/2021\/12\/Capture-d\u2019e\u0301cran-2021-12-16-a\u0300-12.10.48-727x1024.png 727w, https:\/\/etrechyensembleetsolidaires.fr\/wp-content\/uploads\/2021\/12\/Capture-d\u2019e\u0301cran-2021-12-16-a\u0300-12.10.48-213x300.png 213w, https:\/\/etrechyensembleetsolidaires.fr\/wp-content\/uploads\/2021\/12\/Capture-d\u2019e\u0301cran-2021-12-16-a\u0300-12.10.48-768x1082.png 768w, https:\/\/etrechyensembleetsolidaires.fr\/wp-content\/uploads\/2021\/12\/Capture-d\u2019e\u0301cran-2021-12-16-a\u0300-12.10.48-1090x1536.png 1090w, https:\/\/etrechyensembleetsolidaires.fr\/wp-content\/uploads\/2021\/12\/Capture-d\u2019e\u0301cran-2021-12-16-a\u0300-12.10.48.png 1246w\" sizes=\"auto, (max-width: 727px) 100vw, 727px\" \/><\/a><\/figure><\/li><li class=\"blocks-gallery-item\"><figure><a href=\"https:\/\/etrechyensembleetsolidaires.fr\/wp-content\/uploads\/2021\/12\/Capture-d\u2019e\u0301cran-2021-12-16-a\u0300-12.11.10.png\"><img loading=\"lazy\" decoding=\"async\" width=\"723\" height=\"1024\" src=\"https:\/\/etrechyensembleetsolidaires.fr\/wp-content\/uploads\/2021\/12\/Capture-d\u2019e\u0301cran-2021-12-16-a\u0300-12.11.10-723x1024.png\" alt=\"\" data-id=\"5045\" data-full-url=\"https:\/\/etrechyensembleetsolidaires.fr\/wp-content\/uploads\/2021\/12\/Capture-d\u2019e\u0301cran-2021-12-16-a\u0300-12.11.10.png\" data-link=\"https:\/\/etrechyensembleetsolidaires.fr\/?attachment_id=5045\" class=\"wp-image-5045\" srcset=\"https:\/\/etrechyensembleetsolidaires.fr\/wp-content\/uploads\/2021\/12\/Capture-d\u2019e\u0301cran-2021-12-16-a\u0300-12.11.10-723x1024.png 723w, https:\/\/etrechyensembleetsolidaires.fr\/wp-content\/uploads\/2021\/12\/Capture-d\u2019e\u0301cran-2021-12-16-a\u0300-12.11.10-212x300.png 212w, https:\/\/etrechyensembleetsolidaires.fr\/wp-content\/uploads\/2021\/12\/Capture-d\u2019e\u0301cran-2021-12-16-a\u0300-12.11.10-768x1088.png 768w, https:\/\/etrechyensembleetsolidaires.fr\/wp-content\/uploads\/2021\/12\/Capture-d\u2019e\u0301cran-2021-12-16-a\u0300-12.11.10-1084x1536.png 1084w, https:\/\/etrechyensembleetsolidaires.fr\/wp-content\/uploads\/2021\/12\/Capture-d\u2019e\u0301cran-2021-12-16-a\u0300-12.11.10.png 1242w\" sizes=\"auto, (max-width: 723px) 100vw, 723px\" \/><\/a><\/figure><\/li><\/ul><\/figure>\n","protected":false},"excerpt":{"rendered":"<p>Apr\u00e8s avoir effectu\u00e9 la distribution dans vos bo\u00eetes aux lettres, Etr\u00e9chy Ensemble et Solidaires est heureux de vous le pr\u00e9senter [&hellip;]<\/p>\n","protected":false},"author":6,"featured_media":5042,"comment_status":"open","ping_status":"closed","sticky":false,"template":"","format":"standard","meta":{"footnotes":""},"categories":[5],"tags":[],"class_list":["post-5041","post","type-post","status-publish","format-standard","has-post-thumbnail","hentry","category-publications"],"_links":{"self":[{"href":"https:\/\/etrechyensembleetsolidaires.fr\/index.php\/wp-json\/wp\/v2\/posts\/5041","targetHints":{"allow":["GET"]}}],"collection":[{"href":"https:\/\/etrechyensembleetsolidaires.fr\/index.php\/wp-json\/wp\/v2\/posts"}],"about":[{"href":"https:\/\/etrechyensembleetsolidaires.fr\/index.php\/wp-json\/wp\/v2\/types\/post"}],"author":[{"embeddable":true,"href":"https:\/\/etrechyensembleetsolidaires.fr\/index.php\/wp-json\/wp\/v2\/users\/6"}],"replies":[{"embeddable":true,"href":"https:\/\/etrechyensembleetsolidaires.fr\/index.php\/wp-json\/wp\/v2\/comments?post=5041"}],"version-history":[{"count":2,"href":"https:\/\/etrechyensembleetsolidaires.fr\/index.php\/wp-json\/wp\/v2\/posts\/5041\/revisions"}],"predecessor-version":[{"id":5058,"href":"https:\/\/etrechyensembleetsolidaires.fr\/index.php\/wp-json\/wp\/v2\/posts\/5041\/revisions\/5058"}],"wp:featuredmedia":[{"embeddable":true,"href":"https:\/\/etrechyensembleetsolidaires.fr\/index.php\/wp-json\/wp\/v2\/media\/5042"}],"wp:attachment":[{"href":"https:\/\/etrechyensembleetsolidaires.fr\/index.php\/wp-json\/wp\/v2\/media?parent=5041"}],"wp:term":[{"taxonomy":"category","embeddable":true,"href":"https:\/\/etrechyensembleetsolidaires.fr\/index.php\/wp-json\/wp\/v2\/categories?post=5041"},{"taxonomy":"post_tag","embeddable":true,"href":"https:\/\/etrechyensembleetsolidaires.fr\/index.php\/wp-json\/wp\/v2\/tags?post=5041"}],"curies":[{"name":"wp","href":"https:\/\/api.w.org\/{rel}","templated":true}]}}