{"id":3561,"date":"2021-03-23T08:00:00","date_gmt":"2021-03-23T07:00:00","guid":{"rendered":"https:\/\/etrechyensembleetsolidaires.fr\/?p=3561"},"modified":"2021-03-22T21:28:02","modified_gmt":"2021-03-22T20:28:02","slug":"leco-mobilite","status":"publish","type":"post","link":"https:\/\/etrechyensembleetsolidaires.fr\/index.php\/2021\/03\/23\/leco-mobilite\/","title":{"rendered":"L&rsquo;\u00e9co mobilit\u00e9"},"content":{"rendered":"\n<figure class=\"wp-block-image size-large\"><img loading=\"lazy\" decoding=\"async\" width=\"723\" height=\"1024\" src=\"https:\/\/etrechyensembleetsolidaires.fr\/wp-content\/uploads\/2021\/03\/Capture-d\u2019e\u0301cran-2021-03-22-a\u0300-21.22.54-723x1024.png\" alt=\"\" class=\"wp-image-3565\" srcset=\"https:\/\/etrechyensembleetsolidaires.fr\/wp-content\/uploads\/2021\/03\/Capture-d\u2019e\u0301cran-2021-03-22-a\u0300-21.22.54-723x1024.png 723w, https:\/\/etrechyensembleetsolidaires.fr\/wp-content\/uploads\/2021\/03\/Capture-d\u2019e\u0301cran-2021-03-22-a\u0300-21.22.54-212x300.png 212w, https:\/\/etrechyensembleetsolidaires.fr\/wp-content\/uploads\/2021\/03\/Capture-d\u2019e\u0301cran-2021-03-22-a\u0300-21.22.54-768x1088.png 768w, https:\/\/etrechyensembleetsolidaires.fr\/wp-content\/uploads\/2021\/03\/Capture-d\u2019e\u0301cran-2021-03-22-a\u0300-21.22.54.png 908w\" sizes=\"auto, (max-width: 723px) 100vw, 723px\" \/><\/figure>\n\n\n\n<p>Cette semaine, nos \u00e9coliers souhaitent nous sensibiliser sur l&rsquo;\u00e9co mobilit\u00e9 et\u00a0par la m\u00eame nous inciter \u00e0 r\u00e9duire\u00a0notre <a rel=\"noreferrer noopener\" href=\"https:\/\/etrechyensembleetsolidaires.fr\/index.php\/2021\/01\/12\/la-methode-bilan-carbone\/\" target=\"_blank\">empreinte carbone<\/a>.\u00a0Nous saluons cette initiative que nous accompagnons souvent en septembre lors de la semaine europ\u00e9enne de l \u00e9co mobilit\u00e9. <br><br>Profitons de ces journ\u00e9es lumineuses de printemps pour laisser <a rel=\"noreferrer noopener\" href=\"https:\/\/etrechyensembleetsolidaires.fr\/index.php\/2021\/02\/11\/gaz-dechappement-un-element-de-pollution\/\" target=\"_blank\">les moteurs au garage<\/a> et profiter de l&rsquo;air ambiant pour utiliser son v\u00e9lo, sa trottinette ou encore ses pieds pour aller \u00e0 l&rsquo;\u00e9cole. <br><br><strong>Etr\u00e9chy Ensemble et Solidaires<\/strong> souhaite pousser plus loin l&rsquo;analyse, en proposant de d\u00e9ployer ce que\u00a0certaines municipalit\u00e9s ont\u00a0d\u00e9j\u00e0\u00a0mis en place\u00a0comme\u00a0le p\u00e9dibus,\u00a0des v\u00e9los collectifs,\u00a0le transport en charrette tir\u00e9e par des chevaux. <br><br>Belle id\u00e9e qu&rsquo;ont eue nos enfants de nous pousser \u00e0 r\u00e9fl\u00e9chir \u00e0 ces alternatives.<\/p>\n\n\n\n<div class=\"wp-block-columns is-layout-flex wp-container-core-columns-is-layout-1 wp-block-columns-is-layout-flex\">\n<div class=\"wp-block-column is-layout-flow wp-block-column-is-layout-flow\" style=\"flex-basis:33.33%\">\n<div class=\"wp-block-image\"><figure class=\"aligncenter size-large is-resized\"><img loading=\"lazy\" decoding=\"async\" src=\"https:\/\/etrechyensembleetsolidaires.fr\/wp-content\/uploads\/2021\/03\/Capture-d\u2019e\u0301cran-2021-03-22-a\u0300-21.13.12-1024x453.png\" alt=\"\" class=\"wp-image-3563\" width=\"200\" height=\"87\"\/><\/figure><\/div>\n<\/div>\n\n\n\n<div class=\"wp-block-column is-layout-flow wp-block-column-is-layout-flow\" style=\"flex-basis:66.66%\">\n<div class=\"wp-block-image\"><figure class=\"alignleft size-large is-resized\"><img loading=\"lazy\" decoding=\"async\" src=\"https:\/\/etrechyensembleetsolidaires.fr\/wp-content\/uploads\/2021\/03\/Capture-d\u2019e\u0301cran-2021-03-22-a\u0300-21.10.21.png\" alt=\"\" class=\"wp-image-3562\" width=\"383\" height=\"274\" srcset=\"https:\/\/etrechyensembleetsolidaires.fr\/wp-content\/uploads\/2021\/03\/Capture-d\u2019e\u0301cran-2021-03-22-a\u0300-21.10.21.png 998w, https:\/\/etrechyensembleetsolidaires.fr\/wp-content\/uploads\/2021\/03\/Capture-d\u2019e\u0301cran-2021-03-22-a\u0300-21.10.21-300x215.png 300w, https:\/\/etrechyensembleetsolidaires.fr\/wp-content\/uploads\/2021\/03\/Capture-d\u2019e\u0301cran-2021-03-22-a\u0300-21.10.21-768x551.png 768w\" sizes=\"auto, (max-width: 383px) 100vw, 383px\" \/><\/figure><\/div>\n<\/div>\n<\/div>\n","protected":false},"excerpt":{"rendered":"<p>Cette semaine, nos \u00e9coliers souhaitent nous sensibiliser sur l&rsquo;\u00e9co mobilit\u00e9 et\u00a0par la m\u00eame nous inciter \u00e0 r\u00e9duire\u00a0notre empreinte carbone.\u00a0Nous saluons [&hellip;]<\/p>\n","protected":false},"author":2,"featured_media":3565,"comment_status":"open","ping_status":"open","sticky":false,"template":"","format":"standard","meta":{"footnotes":""},"categories":[1],"tags":[],"class_list":["post-3561","post","type-post","status-publish","format-standard","has-post-thumbnail","hentry","category-non-classe"],"_links":{"self":[{"href":"https:\/\/etrechyensembleetsolidaires.fr\/index.php\/wp-json\/wp\/v2\/posts\/3561","targetHints":{"allow":["GET"]}}],"collection":[{"href":"https:\/\/etrechyensembleetsolidaires.fr\/index.php\/wp-json\/wp\/v2\/posts"}],"about":[{"href":"https:\/\/etrechyensembleetsolidaires.fr\/index.php\/wp-json\/wp\/v2\/types\/post"}],"author":[{"embeddable":true,"href":"https:\/\/etrechyensembleetsolidaires.fr\/index.php\/wp-json\/wp\/v2\/users\/2"}],"replies":[{"embeddable":true,"href":"https:\/\/etrechyensembleetsolidaires.fr\/index.php\/wp-json\/wp\/v2\/comments?post=3561"}],"version-history":[{"count":2,"href":"https:\/\/etrechyensembleetsolidaires.fr\/index.php\/wp-json\/wp\/v2\/posts\/3561\/revisions"}],"predecessor-version":[{"id":3567,"href":"https:\/\/etrechyensembleetsolidaires.fr\/index.php\/wp-json\/wp\/v2\/posts\/3561\/revisions\/3567"}],"wp:featuredmedia":[{"embeddable":true,"href":"https:\/\/etrechyensembleetsolidaires.fr\/index.php\/wp-json\/wp\/v2\/media\/3565"}],"wp:attachment":[{"href":"https:\/\/etrechyensembleetsolidaires.fr\/index.php\/wp-json\/wp\/v2\/media?parent=3561"}],"wp:term":[{"taxonomy":"category","embeddable":true,"href":"https:\/\/etrechyensembleetsolidaires.fr\/index.php\/wp-json\/wp\/v2\/categories?post=3561"},{"taxonomy":"post_tag","embeddable":true,"href":"https:\/\/etrechyensembleetsolidaires.fr\/index.php\/wp-json\/wp\/v2\/tags?post=3561"}],"curies":[{"name":"wp","href":"https:\/\/api.w.org\/{rel}","templated":true}]}}