{"id":2809,"date":"2020-12-20T07:00:00","date_gmt":"2020-12-20T06:00:00","guid":{"rendered":"https:\/\/etrechyensembleetsolidaires.fr\/?p=2809"},"modified":"2021-02-04T11:34:30","modified_gmt":"2021-02-04T10:34:30","slug":"calendrier-de-lavent-20-decembre","status":"publish","type":"post","link":"https:\/\/etrechyensembleetsolidaires.fr\/index.php\/2020\/12\/20\/calendrier-de-lavent-20-decembre\/","title":{"rendered":"Calendrier de l&rsquo;Avent : 20 D\u00e9cembre"},"content":{"rendered":"\n<pre class=\"wp-block-preformatted\"><span style=\"color:#6d4169\" class=\"has-inline-color\">Desserts et gourmandises :\n- Nougat glac\u00e9 pistaches oranges confites,\n- G\u00e2teau au chocolat et \u00e0 la noix de coco, sans gluten, \n- Ananas r\u00f4ti \u00e0 la vanille,\n- B\u00fbche traditionnelle,\n- Recette des Marcelines,\n- Recette du saucisson au chocolat,\n- Saucisson rose aux pistaches,\n- Truffes noix de coco\nPar Dany et Fran\u00e7oise.<\/span><\/pre>\n\n\n\n<p>L\u2019instant douceurs<br>Pas vraiment l\u2019heure d\u2019ouvrir les cadeaux mais encore un tout petit peu de place pour le g\u00e2teau. <br>Le clou du spectacle, la pi\u00e8ce ma\u00eetresse, celle qui cl\u00f4t le chapitre de ce repas de f\u00eate, se veut tant\u00f4t riche en couleurs et saveurs , tant\u00f4t d\u00e9licate et exotique. <br>Mais elle est l\u00e0, toute pimpante sortie de nos livres de recettes. Elle s\u2019appellera b\u00fbche, nougat glac\u00e9, ananas r\u00f4ti \u00e0 la vanille ou encore g\u00e2teau au chocolat et noix de coco sans gluten.<br>Dany et Fran\u00e7oise n\u2019ont pas r\u00e9sist\u00e9 \u00e0 l\u2019envie de vous en faire profiter tout comme elles n\u2019ont pas pu s\u2019emp\u00eacher d\u2019y ajouter quelques gourmandises faciles \u00e0 confectionner.<br><br>Choisissez les v\u00f4tres<\/p>\n\n\n\n<hr class=\"wp-block-separator\"\/>\n\n\n\n<div class=\"wp-block-columns is-layout-flex wp-container-core-columns-is-layout-1 wp-block-columns-is-layout-flex\">\n<div class=\"wp-block-column is-layout-flow wp-block-column-is-layout-flow\">\n<h2 class=\"has-text-align-center wp-block-heading\">Nougat glac\u00e9 pistaches oranges confites<\/h2>\n<\/div>\n\n\n\n<div class=\"wp-block-column is-layout-flow wp-block-column-is-layout-flow\">\n<figure class=\"wp-block-image size-large\"><img loading=\"lazy\" decoding=\"async\" width=\"826\" height=\"620\" src=\"https:\/\/etrechyensembleetsolidaires.fr\/wp-content\/uploads\/2020\/12\/Capture-d\u2019e\u0301cran-2020-12-19-a\u0300-21.24.32.png\" alt=\"\" class=\"wp-image-2813\" srcset=\"https:\/\/etrechyensembleetsolidaires.fr\/wp-content\/uploads\/2020\/12\/Capture-d\u2019e\u0301cran-2020-12-19-a\u0300-21.24.32.png 826w, https:\/\/etrechyensembleetsolidaires.fr\/wp-content\/uploads\/2020\/12\/Capture-d\u2019e\u0301cran-2020-12-19-a\u0300-21.24.32-300x225.png 300w, https:\/\/etrechyensembleetsolidaires.fr\/wp-content\/uploads\/2020\/12\/Capture-d\u2019e\u0301cran-2020-12-19-a\u0300-21.24.32-768x576.png 768w\" sizes=\"auto, (max-width: 826px) 100vw, 826px\" \/><\/figure>\n<\/div>\n<\/div>\n\n\n\n<p><strong><em>Ingr\u00e9dients&nbsp;:<\/em><\/strong><\/p>\n\n\n\n<ul class=\"wp-block-list\"><li><span class=\"has-inline-color has-vivid-cyan-blue-color\"> 100g de pistaches \u00e9mond\u00e9es.\u00a0<\/span><\/li><li><span class=\"has-inline-color has-vivid-cyan-blue-color\">100g d&rsquo;oranges confites\u00a0<\/span><\/li><li><span class=\"has-inline-color has-vivid-cyan-blue-color\">1 zeste d&rsquo;orange non trait\u00e9e\u00a0\u00a0<\/span><\/li><li><span class=\"has-inline-color has-vivid-cyan-blue-color\">50 g de sucre semoule\u00a0<\/span><\/li><li><span class=\"has-inline-color has-vivid-cyan-blue-color\">80g de miel d&rsquo;acacia\u00a0<\/span><\/li><li><span class=\"has-inline-color has-vivid-cyan-blue-color\">30 cl de cr\u00e8me fra\u00eeche\u00a0(30% mati\u00e8re grasse)<\/span><\/li><li><span class=\"has-inline-color has-vivid-cyan-blue-color\">1 sachet de sucre vanill\u00e9\u00a0<\/span><\/li><li><span class=\"has-inline-color has-vivid-cyan-blue-color\">2 gros oeufs<\/span><\/li><\/ul>\n\n\n\n<p><strong><em>Pr\u00e9paration : <\/em><\/strong><\/p>\n\n\n\n<p>Faire bri\u00e8vement griller les pistaches \u00e0 sec dans une po\u00eale.<br>Parsemer un peu de sucre dessus et laisser l\u00e9g\u00e8rement\u00a0 caram\u00e9liser.<br>Concasser les avec le rouleau \u00e0 p\u00e2tisserie.<br>Chauffer le miel jusqu&rsquo;\u00e0 \u00e9bullition.<br>Battre la cr\u00e8me tr\u00e8s froide en chantilly (fouet et r\u00e9cipient au cong\u00e9lateur au moins 1 h avant)\u00a0 bien ferme.\u00a0<br>Fouetter les jaunes avec le sucre.<br>Battre les blancs en neige. Ajouter le miel bouillant et continuer \u00e0 battre jusqu&rsquo;\u00e0 refroidissement. Verser les jaunes sur les blancs et m\u00e9langer.\u00a0<br>Ajouter alors la cr\u00e8me fra\u00eeche au m\u00e9lange pr\u00e9c\u00e9dent en soulevant d\u00e9licatement. Ajouter les pistaches et morceaux oranges confites.<br>Verser la pr\u00e9paration dans un moule \u00e0 cake souple\u00a0<\/p>\n\n\n\n<p>Mettre au cong\u00e9lateur au moins 12h\u00a0Servir\u00a0 \u00e9ventuellement avec un coulis de framboise.\u00a0<\/p>\n\n\n\n<hr class=\"wp-block-separator\"\/>\n\n\n\n<div class=\"wp-block-columns is-layout-flex wp-container-core-columns-is-layout-2 wp-block-columns-is-layout-flex\">\n<div class=\"wp-block-column is-layout-flow wp-block-column-is-layout-flow\">\n<h2 class=\"wp-block-heading\"><strong>G\u00e2teau au chocolat et \u00e0 la noix de coco, sans gluten<\/strong><\/h2>\n<\/div>\n\n\n\n<div class=\"wp-block-column is-layout-flow wp-block-column-is-layout-flow\">\n<figure class=\"wp-block-image size-large\"><img loading=\"lazy\" decoding=\"async\" width=\"700\" height=\"292\" src=\"https:\/\/etrechyensembleetsolidaires.fr\/wp-content\/uploads\/2020\/12\/Capture-d\u2019e\u0301cran-2020-12-19-a\u0300-21.28.41.png\" alt=\"\" class=\"wp-image-2815\" srcset=\"https:\/\/etrechyensembleetsolidaires.fr\/wp-content\/uploads\/2020\/12\/Capture-d\u2019e\u0301cran-2020-12-19-a\u0300-21.28.41.png 700w, https:\/\/etrechyensembleetsolidaires.fr\/wp-content\/uploads\/2020\/12\/Capture-d\u2019e\u0301cran-2020-12-19-a\u0300-21.28.41-300x125.png 300w\" sizes=\"auto, (max-width: 700px) 100vw, 700px\" \/><\/figure>\n\n\n\n<p><\/p>\n<\/div>\n<\/div>\n\n\n\n<p><strong><em>Ingr\u00e9dients:<\/em><\/strong><br><br>pour 6 personnes<\/p>\n\n\n\n<ul class=\"wp-block-list\"><li><span class=\"has-inline-color has-vivid-cyan-blue-color\">45 g de\u00a0graines de chia<\/span><\/li><li><span class=\"has-inline-color has-vivid-cyan-blue-color\">60 mg de\u00a0huile de coco<\/span><\/li><li><span class=\"has-inline-color has-vivid-cyan-blue-color\">150 mg de\u00a0cr\u00e8me de coco<\/span><\/li><li><span class=\"has-inline-color has-vivid-cyan-blue-color\">150 g de\u00a0farine de riz<\/span><\/li><li><span class=\"has-inline-color has-vivid-cyan-blue-color\">125 g\u00a0sucre roux\u00a0non raffin\u00e9<\/span><\/li><li><span class=\"has-inline-color has-vivid-cyan-blue-color\">30 g\u00a0noix de coco r\u00e2p\u00e9e \u00a0 \u00a0 \u00a0 \u00a0 \u00a0 \u00a0 \u00a0 + 1 poign\u00e9e pour la d\u00e9co<\/span><\/li><li><span class=\"has-inline-color has-vivid-cyan-blue-color\">30 g\u00a0cacao\u00a0en poudre<\/span><\/li><li><span class=\"has-inline-color has-vivid-cyan-blue-color\">1 sachet de levure sans gluten<\/span><\/li><\/ul>\n\n\n\n<ul class=\"wp-block-list\"><li><\/li><\/ul>\n\n\n\n<p><strong><em>Pr\u00e9paration : <\/em><\/strong><\/p>\n\n\n\n<p>Pr\u00e9paration des graines de chia<br>Dans un bol rempli de 130 ml d&rsquo;eau, versez les graines de chia et laissez les tremper pendant 15 minutes en remuant de temps en temps.<\/p>\n\n\n\n<p>Pr\u00e9paration de l&rsquo;appareil<br>Dans un premier r\u00e9cipient, m\u00e9langez la farine, la levure, le chocolat et la coco r\u00e2p\u00e9e. R\u00e9servez.<br>Dans un second r\u00e9cipient, battez au fouet \u00e9lectrique le sucre, l&rsquo;huile de coco et les graines de chia imbib\u00e9es d&rsquo;eau.<br>Ajoutez ensuite la cr\u00e8me de coco et battre 1 minute.<\/p>\n\n\n\n<p>Pr\u00e9paration des ingr\u00e9dients secs<br>Ajoutez enfin le m\u00e9lange du premier r\u00e9cipient (ingr\u00e9dients secs) et battez doucement au fouet \u00e9lectrique ou robot jusqu&rsquo;\u00e0 obtenir un pr\u00e9paration homog\u00e8ne.<\/p>\n\n\n\n<p>Cuisson du cake<br>Graissez un moule \u00e0 cake et versez y la pr\u00e9paration.<br>Parsemez de coco r\u00e2p\u00e9e et enfournez 35 minutes \u00e0 160 \u00b0C (th.5-6).<\/p>\n\n\n\n<p><\/p>\n\n\n\n<hr class=\"wp-block-separator\"\/>\n\n\n\n<div class=\"wp-block-columns is-layout-flex wp-container-core-columns-is-layout-3 wp-block-columns-is-layout-flex\">\n<div class=\"wp-block-column is-layout-flow wp-block-column-is-layout-flow\">\n<h2 class=\"wp-block-heading\"><strong>Ananas r\u00f4ti \u00e0 la vanille<\/strong><\/h2>\n<\/div>\n\n\n\n<div class=\"wp-block-column is-layout-flow wp-block-column-is-layout-flow\">\n<figure class=\"wp-block-image size-large\"><img loading=\"lazy\" decoding=\"async\" width=\"566\" height=\"234\" src=\"https:\/\/etrechyensembleetsolidaires.fr\/wp-content\/uploads\/2020\/12\/Capture-d\u2019e\u0301cran-2020-12-19-a\u0300-21.36.45.png\" alt=\"\" class=\"wp-image-2817\" srcset=\"https:\/\/etrechyensembleetsolidaires.fr\/wp-content\/uploads\/2020\/12\/Capture-d\u2019e\u0301cran-2020-12-19-a\u0300-21.36.45.png 566w, https:\/\/etrechyensembleetsolidaires.fr\/wp-content\/uploads\/2020\/12\/Capture-d\u2019e\u0301cran-2020-12-19-a\u0300-21.36.45-300x124.png 300w\" sizes=\"auto, (max-width: 566px) 100vw, 566px\" \/><\/figure>\n<\/div>\n<\/div>\n\n\n\n<p><strong><em>Ingr\u00e9dients:&nbsp;<\/em><\/strong><\/p>\n\n\n\n<p>Ingr\u00e9dients pour 4 personnes<\/p>\n\n\n\n<ul class=\"wp-block-list\"><li><span class=\"has-inline-color has-vivid-cyan-blue-color\">1 gros\u00a0ananas<\/span><\/li><li><span class=\"has-inline-color has-vivid-cyan-blue-color\">125\u00a0oranges<\/span><\/li><li><span class=\"has-inline-color has-vivid-cyan-blue-color\">100 g d&rsquo;amandes<\/span><\/li><li><span class=\"has-inline-color has-vivid-cyan-blue-color\">100 g de\u00a0noisettes<\/span><\/li><li><span class=\"has-inline-color has-vivid-cyan-blue-color\">1 gousse de\u00a0vanille<\/span><\/li><li><span class=\"has-inline-color has-vivid-cyan-blue-color\">50 cl de jus d\u2019orange<\/span><\/li><li><span class=\"has-inline-color has-vivid-cyan-blue-color\">1 cuiller\u00e9e \u00e0 caf\u00e9 de baies roses<\/span><\/li><\/ul>\n\n\n\n<p><strong><em>Pr\u00e9paration :<\/em><\/strong><\/p>\n\n\n\n<p>Pr\u00e9paration et cuisson de l&rsquo;ananas<br>Couper le plumet de l\u2019ananas et la tranche de l\u2019autre extr\u00e9mit\u00e9. Glisser l\u2019ananas sur la broche, mettre au four et laisser cuire 1 heure.<\/p>\n\n\n\n<p>Pr\u00e9paration du sirop (\u00e0 votre choix)<\/p>\n\n\n\n<p>Pr\u00e9paration de la recette<br>Verser dans une casserole le jus d\u2019orange, ajouter l\u2019orange coup\u00e9e en gros morceaux, la vanille coup\u00e9e en deux, les fruits secs, porter \u00e0 \u00e9bullition et laisser cuire jusqu\u2019\u00e0 ce que le jus soit sirupeux, puis retirer du feu (15 minutes environ). Lorsque l\u2019ananas aura cuit 1 heure, le retirer de la broche et laisser ti\u00e9dir.<\/p>\n\n\n\n<p>Finitions<br>Le peler, le couper en grosses tranches, le napper de jus, parsemer de baies roses et servir avec les fruits secs et une boule de glace : au rhum, \u00e0 la pistache ou \u00e0 la vanille.<\/p>\n\n\n\n<p><\/p>\n\n\n\n<hr class=\"wp-block-separator\"\/>\n\n\n\n<div class=\"wp-block-columns is-layout-flex wp-container-core-columns-is-layout-4 wp-block-columns-is-layout-flex\">\n<div class=\"wp-block-column is-layout-flow wp-block-column-is-layout-flow\">\n<h2 class=\"wp-block-heading\"><strong>B\u00fbche traditionnelle<\/strong><\/h2>\n<\/div>\n\n\n\n<div class=\"wp-block-column is-layout-flow wp-block-column-is-layout-flow\">\n<figure class=\"wp-block-image size-large\"><img loading=\"lazy\" decoding=\"async\" width=\"686\" height=\"350\" src=\"https:\/\/etrechyensembleetsolidaires.fr\/wp-content\/uploads\/2020\/12\/Capture-d\u2019e\u0301cran-2020-12-19-a\u0300-21.44.37.png\" alt=\"\" class=\"wp-image-2822\" srcset=\"https:\/\/etrechyensembleetsolidaires.fr\/wp-content\/uploads\/2020\/12\/Capture-d\u2019e\u0301cran-2020-12-19-a\u0300-21.44.37.png 686w, https:\/\/etrechyensembleetsolidaires.fr\/wp-content\/uploads\/2020\/12\/Capture-d\u2019e\u0301cran-2020-12-19-a\u0300-21.44.37-300x153.png 300w\" sizes=\"auto, (max-width: 686px) 100vw, 686px\" \/><\/figure>\n<\/div>\n<\/div>\n\n\n\n<p><strong><em>Ingr\u00e9dients<\/em><\/strong> :<\/p>\n\n\n\n<p>Pour le biscuit roul\u00e9 :\u00a0<br>150 g de sucre en poudre, 100 g de farine , 4 oeufs\u00a0<br><br>Pour la cr\u00e8me au beurre :\u00a0<br>2 oeufs , 150 g de sucre glace, 200g de chocolat \u00e0 cuire, 250g de beurre<\/p>\n\n\n\n<p><\/p>\n\n\n\n<p><strong><em>Pr\u00e9paration :<\/em><\/strong><\/p>\n\n\n\n<p>Pr\u00e9parer le biscuit roul\u00e9\u00a0:<br>M\u00e9langer les jaunes et le sucre dans un saladier (au bain-marie), jusqu&rsquo;\u00e0 obtention d\u2019un ruban.<br>Ajouter la farine en pluie au m\u00e9lange pr\u00e9c\u00e9dent.<br>Battre les oeufs en neige bien fermes.<br>Incorporer dans ce m\u00e9lange un peu de vanille en poudre (ou liquide).<br>Rajouter les blancs d\u00e9licatement.<br>Etaler le tout sur une plaque du four recouverte de papier (sulfuris\u00e9 ou alu) beurr\u00e9.<br>Enfourner \u00e0 180\u00b0C (thermostat 6), pendant 10 min&#8230; le g\u00e2teau doit \u00eatre dor\u00e9.<br>Etaler la plaque sur un chiffon humide, et le rouler quelques minutes.\u00a0<br><br>Puis, pr\u00e9parer la cr\u00e8me au beurre :<br>Travailler les jaunes et le sucre, jusqu\u2019\u00e0 obtenir un ruban ( au bain-marie). Rajouter petit \u00e0 petit le beurre ramolli.<br>Faire fondre le chocolat, et l\u2019int\u00e9grer au m\u00e9lange.<br>Monter les blancs en neige et les rajouter.<br>Couvrir l\u2019int\u00e9rieur de la g\u00e9noise, la rouler, et badigeonner l\u2019ext\u00e9rieur.<br>On peut couper les deux extr\u00e9mit\u00e9s, et l\u2019utiliser pour d\u00e9co.<\/p>\n\n\n\n<p><\/p>\n\n\n\n<hr class=\"wp-block-separator\"\/>\n\n\n\n<div class=\"wp-block-columns is-layout-flex wp-container-core-columns-is-layout-5 wp-block-columns-is-layout-flex\">\n<div class=\"wp-block-column is-layout-flow wp-block-column-is-layout-flow\">\n<h2 class=\"wp-block-heading\"><strong><strong>Recette des Marcelines<\/strong><\/strong><\/h2>\n<\/div>\n\n\n\n<div class=\"wp-block-column is-layout-flow wp-block-column-is-layout-flow\">\n<figure class=\"wp-block-image size-large\"><img loading=\"lazy\" decoding=\"async\" width=\"442\" height=\"276\" src=\"https:\/\/etrechyensembleetsolidaires.fr\/wp-content\/uploads\/2020\/12\/Capture-d\u2019e\u0301cran-2020-12-19-a\u0300-21.54.26.png\" alt=\"\" class=\"wp-image-2825\" srcset=\"https:\/\/etrechyensembleetsolidaires.fr\/wp-content\/uploads\/2020\/12\/Capture-d\u2019e\u0301cran-2020-12-19-a\u0300-21.54.26.png 442w, https:\/\/etrechyensembleetsolidaires.fr\/wp-content\/uploads\/2020\/12\/Capture-d\u2019e\u0301cran-2020-12-19-a\u0300-21.54.26-300x187.png 300w\" sizes=\"auto, (max-width: 442px) 100vw, 442px\" \/><\/figure>\n<\/div>\n<\/div>\n\n\n\n<p><strong><em>Ingr\u00e9dients pour 50 \u00e0 60 boules : <\/em><\/strong><\/p>\n\n\n\n<ul class=\"wp-block-list\"><li><span class=\"has-inline-color has-vivid-cyan-blue-color\">300 g de chocolat fondu<\/span><\/li><li><span class=\"has-inline-color has-vivid-cyan-blue-color\">150 g de beurre<\/span><\/li><li><span class=\"has-inline-color has-vivid-cyan-blue-color\">1 cuill\u00e8re \u00e0 caf\u00e9 d\u2019extrait de caf\u00e9<\/span><\/li><li><span class=\"has-inline-color has-vivid-cyan-blue-color\">3 cuill\u00e8res \u00e0 caf\u00e9 de kirsch<\/span><\/li><li><span class=\"has-inline-color has-vivid-cyan-blue-color\">100 g de poudre d\u2019amandes<\/span><\/li><li><span class=\"has-inline-color has-vivid-cyan-blue-color\">1 blanc d\u2019\u0153uf battu en neige<\/span><\/li><li><span class=\"has-inline-color has-vivid-cyan-blue-color\">Sucre glace<\/span><\/li><li><span class=\"has-inline-color has-vivid-cyan-blue-color\">Violettes en sucre<\/span><\/li><\/ul>\n\n\n\n<p><br><strong><em>Pr\u00e9paration :<\/em><\/strong><\/p>\n\n\n\n<p>M\u00e9langer les ingr\u00e9dients et les laisser refroidir au frigo<br>Puis rouler en boules et rouler dans le sucre glace ou dans du vermicelle de chocolat et planter une violette (pas indispensable)<\/p>\n\n\n\n<hr class=\"wp-block-separator\"\/>\n\n\n\n<div class=\"wp-block-columns is-layout-flex wp-container-core-columns-is-layout-6 wp-block-columns-is-layout-flex\">\n<div class=\"wp-block-column is-layout-flow wp-block-column-is-layout-flow\">\n<h2 class=\"wp-block-heading\"><strong><strong><strong>Recette du saucisson au chocolat<\/strong><\/strong><\/strong><\/h2>\n<\/div>\n\n\n\n<div class=\"wp-block-column is-layout-flow wp-block-column-is-layout-flow\">\n<figure class=\"wp-block-image size-large\"><img loading=\"lazy\" decoding=\"async\" width=\"446\" height=\"330\" src=\"https:\/\/etrechyensembleetsolidaires.fr\/wp-content\/uploads\/2020\/12\/Capture-d\u2019e\u0301cran-2020-12-19-a\u0300-21.56.22.png\" alt=\"\" class=\"wp-image-2826\" srcset=\"https:\/\/etrechyensembleetsolidaires.fr\/wp-content\/uploads\/2020\/12\/Capture-d\u2019e\u0301cran-2020-12-19-a\u0300-21.56.22.png 446w, https:\/\/etrechyensembleetsolidaires.fr\/wp-content\/uploads\/2020\/12\/Capture-d\u2019e\u0301cran-2020-12-19-a\u0300-21.56.22-300x222.png 300w\" sizes=\"auto, (max-width: 446px) 100vw, 446px\" \/><\/figure>\n\n\n\n<p><\/p>\n<\/div>\n<\/div>\n\n\n\n<p><strong><em>Ingr\u00e9dients : <\/em><\/strong><\/p>\n\n\n\n<ul class=\"wp-block-list\"><li><span class=\"has-inline-color has-vivid-cyan-blue-color\">400 g de chocolat r\u00e2p\u00e9<\/span><\/li><li><span class=\"has-inline-color has-vivid-cyan-blue-color\">200 g de miel<\/span><\/li><li><span class=\"has-inline-color has-vivid-cyan-blue-color\">200 g d\u2019amandes effil\u00e9es ou pistaches<\/span><\/li><li><span class=\"has-inline-color has-vivid-cyan-blue-color\">Sucre glace<\/span><\/li><\/ul>\n\n\n\n<p><br><strong><em>Pr\u00e9paration :<\/em><\/strong><\/p>\n\n\n\n<p>Faire fondre le chocolat doucement sans eau<br>Former une cr\u00e8me avec le miel<br>Ajouter les amandes<br>Laisser refroidir<br>Etaler sur une plaque huil\u00e9e<br>Rouler pour former des cylindres et rouler dans du sucre glace<br>D\u00e9couper en tranches<\/p>\n\n\n\n<hr class=\"wp-block-separator\"\/>\n\n\n\n<div class=\"wp-block-columns is-layout-flex wp-container-core-columns-is-layout-7 wp-block-columns-is-layout-flex\">\n<div class=\"wp-block-column is-layout-flow wp-block-column-is-layout-flow\">\n<h2 class=\"wp-block-heading\"><strong><strong><strong><strong>Saucisson rose aux pistaches<\/strong><\/strong><\/strong><\/strong><\/h2>\n<\/div>\n\n\n\n<div class=\"wp-block-column is-layout-flow wp-block-column-is-layout-flow\">\n<figure class=\"wp-block-image size-large\"><img loading=\"lazy\" decoding=\"async\" width=\"468\" height=\"348\" src=\"https:\/\/etrechyensembleetsolidaires.fr\/wp-content\/uploads\/2020\/12\/Capture-d\u2019e\u0301cran-2020-12-19-a\u0300-21.59.56.png\" alt=\"\" class=\"wp-image-2828\" srcset=\"https:\/\/etrechyensembleetsolidaires.fr\/wp-content\/uploads\/2020\/12\/Capture-d\u2019e\u0301cran-2020-12-19-a\u0300-21.59.56.png 468w, https:\/\/etrechyensembleetsolidaires.fr\/wp-content\/uploads\/2020\/12\/Capture-d\u2019e\u0301cran-2020-12-19-a\u0300-21.59.56-300x223.png 300w\" sizes=\"auto, (max-width: 468px) 100vw, 468px\" \/><\/figure>\n\n\n\n<p><\/p>\n<\/div>\n<\/div>\n\n\n\n<p><strong><em>Ingr\u00e9dients (nombre de parts): <\/em><\/strong><\/p>\n\n\n\n<ul class=\"wp-block-list\"><li><span class=\"has-inline-color has-vivid-cyan-blue-color\">24 biscuits roses de Reims<\/span><\/li><li><span class=\"has-inline-color has-vivid-cyan-blue-color\">100 g de beurre mou<\/span><\/li><li><span class=\"has-inline-color has-vivid-cyan-blue-color\">20 g de pistaches non sal\u00e9es<\/span><\/li><li><span class=\"has-inline-color has-vivid-cyan-blue-color\">2 cuill\u00e8res \u00e0 soupe de rhum<\/span><\/li><\/ul>\n\n\n\n<p><br><strong><em>Pr\u00e9paration :<\/em><\/strong><\/p>\n\n\n\n<p>Dans un bol, \u00e9craser les biscuits.<br>Ajouter le beurre mou, les pistaches et le rhum.<br>Rouler la p\u00e2te en forme de saucisson sur une feuille d&rsquo;aluminium pli\u00e9 en 2, bien serrer.<br>Laisser 2 heures au frigo puis d\u00e9couper en rondelles.<br>Vous pouvez garder ces gourmandises une bonne semaine au frais, mais \u00e7a ne dure g\u00e9n\u00e9ralement pas aussi longtemps.<br><\/p>\n\n\n\n<hr class=\"wp-block-separator\"\/>\n\n\n\n<div class=\"wp-block-columns is-layout-flex wp-container-core-columns-is-layout-8 wp-block-columns-is-layout-flex\">\n<div class=\"wp-block-column is-layout-flow wp-block-column-is-layout-flow\">\n<h2 class=\"wp-block-heading\"><strong><strong><strong><strong><strong>Truffes noix de coco<\/strong><\/strong><\/strong><\/strong><\/strong><\/h2>\n<\/div>\n\n\n\n<div class=\"wp-block-column is-layout-flow wp-block-column-is-layout-flow\">\n<figure class=\"wp-block-image size-large\"><img loading=\"lazy\" decoding=\"async\" width=\"974\" height=\"494\" src=\"https:\/\/etrechyensembleetsolidaires.fr\/wp-content\/uploads\/2020\/12\/Capture-d\u2019e\u0301cran-2020-12-19-a\u0300-22.04.55.png\" alt=\"\" class=\"wp-image-2830\" srcset=\"https:\/\/etrechyensembleetsolidaires.fr\/wp-content\/uploads\/2020\/12\/Capture-d\u2019e\u0301cran-2020-12-19-a\u0300-22.04.55.png 974w, https:\/\/etrechyensembleetsolidaires.fr\/wp-content\/uploads\/2020\/12\/Capture-d\u2019e\u0301cran-2020-12-19-a\u0300-22.04.55-300x152.png 300w, https:\/\/etrechyensembleetsolidaires.fr\/wp-content\/uploads\/2020\/12\/Capture-d\u2019e\u0301cran-2020-12-19-a\u0300-22.04.55-768x390.png 768w\" sizes=\"auto, (max-width: 974px) 100vw, 974px\" \/><\/figure>\n\n\n\n<p><\/p>\n<\/div>\n<\/div>\n\n\n\n<p><strong><em>Ingr\u00e9dients : <\/em><\/strong><\/p>\n\n\n\n<ul class=\"wp-block-list\"><li><span class=\"has-inline-color has-vivid-cyan-blue-color\">200 g de lait concentr\u00e9 sucr\u00e9<\/span><\/li><li><span class=\"has-inline-color has-vivid-cyan-blue-color\">125 g de noix de coco r\u00e2p\u00e9e+ un peu pour la<\/span><\/li><li><span class=\"has-inline-color has-vivid-cyan-blue-color\">d\u00e9co\u00a0: 1poign\u00e9e de noisettes torr\u00e9fi\u00e9es<\/span><\/li><\/ul>\n\n\n\n<p><br><strong><em>Pr\u00e9paration :<\/em><\/strong><\/p>\n\n\n\n<p>M\u00e9langez le lait concentr\u00e9 sucr\u00e9 et la noix de coco r\u00e2p\u00e9e<br>Placez une nuit au frais<br>Pr\u00e9levez une cuill\u00e8re de truffe coco, d\u00e9posez une noisette au milieu et fa\u00e7onnez une boule dans le creux des mains<br>Roulez dans la coco r\u00e2p\u00e9<br>R\u00e9servez au frais jusqu\u2019au moment de servir<\/p>\n\n\n\n<p><\/p>\n\n\n\n<p><\/p>\n","protected":false},"excerpt":{"rendered":"<p>Desserts et gourmandises : &#8211; Nougat glac\u00e9 pistaches oranges confites, &#8211; G\u00e2teau au chocolat et \u00e0 la noix de coco, [&hellip;]<\/p>\n","protected":false},"author":6,"featured_media":2836,"comment_status":"open","ping_status":"closed","sticky":false,"template":"","format":"standard","meta":{"footnotes":""},"categories":[15],"tags":[],"class_list":["post-2809","post","type-post","status-publish","format-standard","has-post-thumbnail","hentry","category-solidarite-et-civisme"],"_links":{"self":[{"href":"https:\/\/etrechyensembleetsolidaires.fr\/index.php\/wp-json\/wp\/v2\/posts\/2809","targetHints":{"allow":["GET"]}}],"collection":[{"href":"https:\/\/etrechyensembleetsolidaires.fr\/index.php\/wp-json\/wp\/v2\/posts"}],"about":[{"href":"https:\/\/etrechyensembleetsolidaires.fr\/index.php\/wp-json\/wp\/v2\/types\/post"}],"author":[{"embeddable":true,"href":"https:\/\/etrechyensembleetsolidaires.fr\/index.php\/wp-json\/wp\/v2\/users\/6"}],"replies":[{"embeddable":true,"href":"https:\/\/etrechyensembleetsolidaires.fr\/index.php\/wp-json\/wp\/v2\/comments?post=2809"}],"version-history":[{"count":17,"href":"https:\/\/etrechyensembleetsolidaires.fr\/index.php\/wp-json\/wp\/v2\/posts\/2809\/revisions"}],"predecessor-version":[{"id":2835,"href":"https:\/\/etrechyensembleetsolidaires.fr\/index.php\/wp-json\/wp\/v2\/posts\/2809\/revisions\/2835"}],"wp:featuredmedia":[{"embeddable":true,"href":"https:\/\/etrechyensembleetsolidaires.fr\/index.php\/wp-json\/wp\/v2\/media\/2836"}],"wp:attachment":[{"href":"https:\/\/etrechyensembleetsolidaires.fr\/index.php\/wp-json\/wp\/v2\/media?parent=2809"}],"wp:term":[{"taxonomy":"category","embeddable":true,"href":"https:\/\/etrechyensembleetsolidaires.fr\/index.php\/wp-json\/wp\/v2\/categories?post=2809"},{"taxonomy":"post_tag","embeddable":true,"href":"https:\/\/etrechyensembleetsolidaires.fr\/index.php\/wp-json\/wp\/v2\/tags?post=2809"}],"curies":[{"name":"wp","href":"https:\/\/api.w.org\/{rel}","templated":true}]}}