{"id":2362,"date":"2020-11-10T23:26:44","date_gmt":"2020-11-10T22:26:44","guid":{"rendered":"https:\/\/etrechyensembleetsolidaires.fr\/?p=2362"},"modified":"2020-11-11T20:33:03","modified_gmt":"2020-11-11T19:33:03","slug":"11-novembre-2020","status":"publish","type":"post","link":"https:\/\/etrechyensembleetsolidaires.fr\/index.php\/2020\/11\/10\/11-novembre-2020\/","title":{"rendered":"11 Novembre 2020"},"content":{"rendered":"\n<div class=\"wp-block-image\"><figure class=\"aligncenter size-large\"><img loading=\"lazy\" decoding=\"async\" width=\"442\" height=\"500\" src=\"https:\/\/etrechyensembleetsolidaires.fr\/wp-content\/uploads\/2020\/11\/Capture-d\u2019e\u0301cran-2020-11-10-a\u0300-23.19.02.png\" alt=\"\" class=\"wp-image-2363\" srcset=\"https:\/\/etrechyensembleetsolidaires.fr\/wp-content\/uploads\/2020\/11\/Capture-d\u2019e\u0301cran-2020-11-10-a\u0300-23.19.02.png 442w, https:\/\/etrechyensembleetsolidaires.fr\/wp-content\/uploads\/2020\/11\/Capture-d\u2019e\u0301cran-2020-11-10-a\u0300-23.19.02-265x300.png 265w\" sizes=\"auto, (max-width: 442px) 100vw, 442px\" \/><\/figure><\/div>\n\n\n\n<p><span style=\"color:#b42bd0\" class=\"has-inline-color\">Ecrit de la veille de la c\u00e9r\u00e9monie :<\/span><\/p>\n\n\n\n<p><\/p>\n\n\n\n<p><span style=\"color:#b42bd0\" class=\"has-inline-color\">Mercredi 11 novembre 2020, deuxi\u00e8me c\u00e9r\u00e9monie officielle en habit de confinement. <\/span><br><span style=\"color:#b42bd0\" class=\"has-inline-color\">Peu d&rsquo;appel\u00e9s. Seulement 5 personnes autoris\u00e9es nous dit-on. Difficile constat pour des \u00e9lus, pour un public, peut-\u00eatre peu nombreux mais quand m\u00eame pr\u00e9sent quand il s&rsquo;agit de rendre hommage \u00e0 nos morts.\u00a0<br>Ils sont partis en 14 avec la fleur au fusil, faisons les revivre une nouvelle fois avec le bleuet \u00e0 la boutonni\u00e8re.<br>J&rsquo;ai une pens\u00e9e \u00e9mue et solennelle \u00e0 destination de toutes ces victimes directes ou indirectes, physiques ou morales de la guerre.<br>                                         Fanny Mezaguer<\/span><\/p>\n\n\n\n<p><strong>Extrait de la lettre d&rsquo;information de l&rsquo;AMF (Association des Maires de France) du jeudi 5 novembre<\/strong><\/p>\n\n\n\n<p><\/p>\n\n\n\n<p class=\"has-drop-cap\">C\u00e9r\u00e9monies du 11-Novembre : \u00ab format tr\u00e8s restreint \u00bb et public interdit. <br>Bien des maires se demandaient, ces derniers jours, ce qu\u2019il convenait de faire pour les c\u00e9r\u00e9monies du 11 novembre, en plein confinement. La r\u00e9ponse est venue hier, par un communiqu\u00e9 du minist\u00e8re des Arm\u00e9es.\u00a0 Il n\u2019est \u00e9videmment pas question d\u2019organiser les c\u00e9r\u00e9monies dans les conditions habituelles : toutes les c\u00e9r\u00e9monies, que ce soit au niveau national ou local, se d\u00e9rouleront sans public. Se pose \u00e9galement la question de la pr\u00e9sence d\u2019anciens combattants, forc\u00e9ment tr\u00e8s \u00e2g\u00e9s donc particuli\u00e8rement fragiles au regard de l\u2019\u00e9pid\u00e9mie. Il reste toutefois possible, dans les communes, de comm\u00e9morer la journ\u00e9e de \u00ab la victoire et de la paix \u00bb et \u00ab l\u2019hommage \u00e0 tous les morts pour la France \u00bb.\u00a0 Les r\u00e8gles sont simples : les maires \u00ab peuvent \u00bb \u2013 rien d\u2019obligatoire donc \u2013 organiser un d\u00e9p\u00f4t de gerbe au monument aux morts, \u00ab dans un format tr\u00e8s restreint et en respectant strictement les mesures de distanciation \u00bb. \u00ab Cette c\u00e9r\u00e9monie ne sera pas ouverte au public \u00bb, insiste le minist\u00e8re. \u00c0 titre d\u2019exemple, on peut citer les pr\u00e9conisations du pr\u00e9fet de l\u2019Essonne, qui a sugg\u00e9r\u00e9 aux maires de s\u2019inspirer des mesures mises en \u0153uvre lors de la c\u00e9l\u00e9bration du 8 mai dernier : les associations d\u2019anciens combattants n\u2019avaient pas \u00e9t\u00e9 convi\u00e9es afin de \u00ab prot\u00e9ger \u00bb leurs membres. La pr\u00e9sence de porte-drapeaux \u00e9tait limit\u00e9e \u00e0 \u00ab un ou deux maximum \u00bb, de pr\u00e9f\u00e9rence \u00ab jeunes \u00bb. Mais\u00a0\u00ab leur pr\u00e9sence n\u2019est pas obligatoire \u00bb, rappelle le pr\u00e9fet. Enfin, les b\u00e2timents publics doivent \u00eatre pavois\u00e9s, mais \u00ab sous r\u00e9serve que les agents affect\u00e9s \u00e0 cette t\u00e2che puissent \u00eatre mobilis\u00e9s \u00bb.\u00a0 Dans chaque chef-lieu de d\u00e9partement, les pr\u00e9fets organiseront dans les m\u00eames conditions une c\u00e9r\u00e9monie au monument aux morts, sans public l\u00e0 encore. C\u00e9r\u00e9monies nationales Au niveau national, deux \u00e9v\u00e9nements auront lieu : \u00e0 l\u2019Arc de triomphe, \u00e0 Paris, \u00ab en pr\u00e9sence d\u2019un nombre tr\u00e8s restreint d\u2019autorit\u00e9s civiles et militaires \u00bb, Emmanuel Macron pr\u00e9sidera une c\u00e9r\u00e9monie marquant le centi\u00e8me anniversaire du choix du Soldat inconnu. Puis, en fin d\u2019apr\u00e8s-midi, il pr\u00e9sidera la c\u00e9r\u00e9monie d\u2019entr\u00e9e au Panth\u00e9on de l\u2019\u00e9crivain Maurice Genevoix, profond\u00e9ment marqu\u00e9 par la Premi\u00e8re guerre mondiale lors de laquelle il fut gri\u00e8vement bless\u00e9, et qu\u2019il a relat\u00e9e dans le livre Ceux de 14.\u00a0 Rappelons que le d\u00e9cret du 29 octobre organisant le confinement autorise les rassemblements de plus de six personnes pour le cas sp\u00e9cifique des \u00ab c\u00e9r\u00e9monies publiques \u00bb c\u2019est-\u00e0-dire, selon le d\u00e9cret n\u00b0 89-655 du 13 septembre 1989, \u00ab les c\u00e9r\u00e9monies organis\u00e9es sur ordre du gouvernement ou \u00e0 l\u2019initiative d\u2019une autorit\u00e9 publique \u00bb.\u00a0<\/p>\n\n\n\n<p><\/p>\n\n\n\n<p class=\"has-drop-cap\"><strong>Jour de c\u00e9r\u00e9monie :<\/strong><br>Malgr\u00e9 les contraintes sanitaires, un public, certes clairsem\u00e9, est l\u00e0. Parmi nous, deux \u00ab\u00a0Anciens combattants\u00a0\u00bb venus arborant leurs m\u00e9dailles, le Maire va \u00e0 leur rencontre pour leur parler, ils disparaissent \u00e0 la suite de leur conversation.\u00a0Un autre \u00ab\u00a0Ancien combattant\u00a0\u00bb arrive, il est assez m\u00e9content, il ne comprend pas pourquoi il n&rsquo;a pas le droit de participer.<br>Des officiels sont pr\u00e9sents, la D\u00e9put\u00e9e Laetitia Romero-Dias, le Conseiller d\u00e9partemental Dominique Echaroux, le\u00a0Lieutenant Franck Grandin, Chef de centre de secours, un repr\u00e9sentant de la Gendarmerie nationale, la 1\u00e8re Adjointe Christine Borde, le Maire, un fonctionnaire de la Commune.<br>Quelques mots du Maire qui lit le\u00a0message officiel de la Ministre d\u00e9l\u00e9gu\u00e9e aupr\u00e8s de la ministre des Arm\u00e9es, charg\u00e9e de la M\u00e9moire et des Anciens combattants,\u00a0Genevi\u00e8ve Darrieussecq, puis le<br>d\u00e9p\u00f4t des gerbes, et l&rsquo;instant solennel \u00e0 l&rsquo;\u00e9coute de la Marseillaise.Nous prenons tous cong\u00e9.L&rsquo;\u00e9glise ouverte \u00e0 proximit\u00e9 me donne l&rsquo;occasion de br\u00fbler un cierge pour toutes les victimes des conflits pass\u00e9s qui ont pay\u00e9 de leur vie notre libert\u00e9 ainsi que\u00a0les valeurs\u00a0de notre pays et de ses institutions.<\/p>\n\n\n\n<p><\/p>\n","protected":false},"excerpt":{"rendered":"<p>Ecrit de la veille de la c\u00e9r\u00e9monie : Mercredi 11 novembre 2020, deuxi\u00e8me c\u00e9r\u00e9monie officielle en habit de confinement. Peu [&hellip;]<\/p>\n","protected":false},"author":4,"featured_media":2363,"comment_status":"open","ping_status":"open","sticky":false,"template":"","format":"standard","meta":{"footnotes":""},"categories":[3],"tags":[],"class_list":["post-2362","post","type-post","status-publish","format-standard","has-post-thumbnail","hentry","category-association"],"_links":{"self":[{"href":"https:\/\/etrechyensembleetsolidaires.fr\/index.php\/wp-json\/wp\/v2\/posts\/2362","targetHints":{"allow":["GET"]}}],"collection":[{"href":"https:\/\/etrechyensembleetsolidaires.fr\/index.php\/wp-json\/wp\/v2\/posts"}],"about":[{"href":"https:\/\/etrechyensembleetsolidaires.fr\/index.php\/wp-json\/wp\/v2\/types\/post"}],"author":[{"embeddable":true,"href":"https:\/\/etrechyensembleetsolidaires.fr\/index.php\/wp-json\/wp\/v2\/users\/4"}],"replies":[{"embeddable":true,"href":"https:\/\/etrechyensembleetsolidaires.fr\/index.php\/wp-json\/wp\/v2\/comments?post=2362"}],"version-history":[{"count":4,"href":"https:\/\/etrechyensembleetsolidaires.fr\/index.php\/wp-json\/wp\/v2\/posts\/2362\/revisions"}],"predecessor-version":[{"id":2367,"href":"https:\/\/etrechyensembleetsolidaires.fr\/index.php\/wp-json\/wp\/v2\/posts\/2362\/revisions\/2367"}],"wp:featuredmedia":[{"embeddable":true,"href":"https:\/\/etrechyensembleetsolidaires.fr\/index.php\/wp-json\/wp\/v2\/media\/2363"}],"wp:attachment":[{"href":"https:\/\/etrechyensembleetsolidaires.fr\/index.php\/wp-json\/wp\/v2\/media?parent=2362"}],"wp:term":[{"taxonomy":"category","embeddable":true,"href":"https:\/\/etrechyensembleetsolidaires.fr\/index.php\/wp-json\/wp\/v2\/categories?post=2362"},{"taxonomy":"post_tag","embeddable":true,"href":"https:\/\/etrechyensembleetsolidaires.fr\/index.php\/wp-json\/wp\/v2\/tags?post=2362"}],"curies":[{"name":"wp","href":"https:\/\/api.w.org\/{rel}","templated":true}]}}