{"id":2165,"date":"2020-08-25T09:33:49","date_gmt":"2020-08-25T07:33:49","guid":{"rendered":"https:\/\/etrechyensembleetsolidaires.fr\/?p=2165"},"modified":"2021-02-04T11:29:25","modified_gmt":"2021-02-04T10:29:25","slug":"commemoration-du-23-aout-2020","status":"publish","type":"post","link":"https:\/\/etrechyensembleetsolidaires.fr\/index.php\/2020\/08\/25\/commemoration-du-23-aout-2020\/","title":{"rendered":"Comm\u00e9moration du 23 Ao\u00fbt 2020"},"content":{"rendered":"\n<h2 class=\"wp-block-heading\"><br>Premi\u00e8re comm\u00e9moration vue sous l\u2019angle de votre \u00e9lue&nbsp;:<\/h2>\n\n\n\n<figure class=\"wp-block-image size-large is-resized\"><img loading=\"lazy\" decoding=\"async\" src=\"https:\/\/etrechyensembleetsolidaires.fr\/wp-content\/uploads\/2020\/08\/Capture-d\u2019e\u0301cran-2020-08-24-a\u0300-10.14.46-1024x862.png\" alt=\"\" class=\"wp-image-2167\" width=\"623\" height=\"524\" srcset=\"https:\/\/etrechyensembleetsolidaires.fr\/wp-content\/uploads\/2020\/08\/Capture-d\u2019e\u0301cran-2020-08-24-a\u0300-10.14.46-1024x862.png 1024w, https:\/\/etrechyensembleetsolidaires.fr\/wp-content\/uploads\/2020\/08\/Capture-d\u2019e\u0301cran-2020-08-24-a\u0300-10.14.46-300x253.png 300w, https:\/\/etrechyensembleetsolidaires.fr\/wp-content\/uploads\/2020\/08\/Capture-d\u2019e\u0301cran-2020-08-24-a\u0300-10.14.46-768x646.png 768w, https:\/\/etrechyensembleetsolidaires.fr\/wp-content\/uploads\/2020\/08\/Capture-d\u2019e\u0301cran-2020-08-24-a\u0300-10.14.46-1536x1293.png 1536w, https:\/\/etrechyensembleetsolidaires.fr\/wp-content\/uploads\/2020\/08\/Capture-d\u2019e\u0301cran-2020-08-24-a\u0300-10.14.46.png 1832w\" sizes=\"auto, (max-width: 623px) 100vw, 623px\" \/><\/figure>\n\n\n\n<h2 class=\"wp-block-heading\"><br>Comm\u00e9moration vue sous l\u2019angle de votre \u00e9lue&nbsp;:<\/h2>\n\n\n\n<p><br><\/p>\n\n\n\n<p>&nbsp;Beaucoup d\u2019\u00e9motion \u00e0 l\u2019\u00e9coute des discours, une solennit\u00e9 dans le port des pompiers, des porte-drapeaux, du public, des \u00e9lus, adultes et jeunes. Le \u00ab Champs des partisans \u00bb et la \u00ab Marseillaise \u00bb servis avec justesse, l\u2019Harmonie nous honore de sa pr\u00e9sente et participe \u00e0 quelques morceaux. <br><br>Tous sont venus pour rendre hommage \u00e0 ceux qui nous ont lib\u00e9r\u00e9s un  22 ao\u00fbt 1944 avec le  passage de la 3e arm\u00e9e du G\u00e9n\u00e9ral Patton. <\/p>\n\n\n\n<h2 class=\"wp-block-heading\"><br>Comm\u00e9moration vue sous l\u2019angle du public&nbsp;:<\/h2>\n\n\n\n<p>Effet des vacances ! Les quelques membres de l\u2019harmonie ne sont pas assez nombreux pour nous offrir le spectacle de leurs sons vari\u00e9s et ce sont des enregistrements de la Marseillaise et du chant des partisans que nous entendons. Deux enfants, repr\u00e9sentants du CME (conseil municipal des enfants) sont pr\u00e9sents parmi les officiels, une fille et un gar\u00e7on par\u00e9s de leur \u00e9charpe tricolore . La lecture faite par notre actuel maire d\u2019un texte de Mr Sergent, maire durant 30 ans de 1941 \u00e0 1971, fait son effet. La diffusion du chant des partisans est saisissante d\u2019\u00e9motion. Dommage que le drapeau am\u00e9ricain soit un peu terne au milieu des n\u00f4tres.<\/p>\n\n\n\n<figure class=\"wp-block-gallery columns-3 is-cropped wp-block-gallery-1 is-layout-flex wp-block-gallery-is-layout-flex\"><ul class=\"blocks-gallery-grid\"><li class=\"blocks-gallery-item\"><figure><a href=\"https:\/\/etrechyensembleetsolidaires.fr\/wp-content\/uploads\/2020\/08\/20200823_111100_resized.jpg\"><img loading=\"lazy\" decoding=\"async\" width=\"1024\" height=\"768\" src=\"https:\/\/etrechyensembleetsolidaires.fr\/wp-content\/uploads\/2020\/08\/20200823_111100_resized-1024x768.jpg\" alt=\"\" data-id=\"2169\" data-full-url=\"https:\/\/etrechyensembleetsolidaires.fr\/wp-content\/uploads\/2020\/08\/20200823_111100_resized.jpg\" data-link=\"https:\/\/etrechyensembleetsolidaires.fr\/?attachment_id=2169\" class=\"wp-image-2169\" srcset=\"https:\/\/etrechyensembleetsolidaires.fr\/wp-content\/uploads\/2020\/08\/20200823_111100_resized-1024x768.jpg 1024w, https:\/\/etrechyensembleetsolidaires.fr\/wp-content\/uploads\/2020\/08\/20200823_111100_resized-300x225.jpg 300w, https:\/\/etrechyensembleetsolidaires.fr\/wp-content\/uploads\/2020\/08\/20200823_111100_resized-768x576.jpg 768w, https:\/\/etrechyensembleetsolidaires.fr\/wp-content\/uploads\/2020\/08\/20200823_111100_resized-1536x1152.jpg 1536w, https:\/\/etrechyensembleetsolidaires.fr\/wp-content\/uploads\/2020\/08\/20200823_111100_resized-2048x1536.jpg 2048w\" sizes=\"auto, (max-width: 1024px) 100vw, 1024px\" \/><\/a><\/figure><\/li><li class=\"blocks-gallery-item\"><figure><a href=\"https:\/\/etrechyensembleetsolidaires.fr\/wp-content\/uploads\/2020\/08\/20200823_111152_resized.jpg\"><img loading=\"lazy\" decoding=\"async\" width=\"768\" height=\"1024\" src=\"https:\/\/etrechyensembleetsolidaires.fr\/wp-content\/uploads\/2020\/08\/20200823_111152_resized-768x1024.jpg\" alt=\"\" data-id=\"2170\" data-full-url=\"https:\/\/etrechyensembleetsolidaires.fr\/wp-content\/uploads\/2020\/08\/20200823_111152_resized.jpg\" data-link=\"https:\/\/etrechyensembleetsolidaires.fr\/?attachment_id=2170\" class=\"wp-image-2170\" srcset=\"https:\/\/etrechyensembleetsolidaires.fr\/wp-content\/uploads\/2020\/08\/20200823_111152_resized-768x1024.jpg 768w, https:\/\/etrechyensembleetsolidaires.fr\/wp-content\/uploads\/2020\/08\/20200823_111152_resized-225x300.jpg 225w, https:\/\/etrechyensembleetsolidaires.fr\/wp-content\/uploads\/2020\/08\/20200823_111152_resized-1152x1536.jpg 1152w, https:\/\/etrechyensembleetsolidaires.fr\/wp-content\/uploads\/2020\/08\/20200823_111152_resized-1536x2048.jpg 1536w, https:\/\/etrechyensembleetsolidaires.fr\/wp-content\/uploads\/2020\/08\/20200823_111152_resized.jpg 1548w\" sizes=\"auto, (max-width: 768px) 100vw, 768px\" \/><\/a><\/figure><\/li><li class=\"blocks-gallery-item\"><figure><a href=\"https:\/\/etrechyensembleetsolidaires.fr\/wp-content\/uploads\/2020\/08\/20200823_111935_resized.jpg\"><img loading=\"lazy\" decoding=\"async\" width=\"768\" height=\"1024\" src=\"https:\/\/etrechyensembleetsolidaires.fr\/wp-content\/uploads\/2020\/08\/20200823_111935_resized-768x1024.jpg\" alt=\"\" data-id=\"2171\" data-full-url=\"https:\/\/etrechyensembleetsolidaires.fr\/wp-content\/uploads\/2020\/08\/20200823_111935_resized.jpg\" data-link=\"https:\/\/etrechyensembleetsolidaires.fr\/?attachment_id=2171\" class=\"wp-image-2171\" srcset=\"https:\/\/etrechyensembleetsolidaires.fr\/wp-content\/uploads\/2020\/08\/20200823_111935_resized-768x1024.jpg 768w, https:\/\/etrechyensembleetsolidaires.fr\/wp-content\/uploads\/2020\/08\/20200823_111935_resized-225x300.jpg 225w, https:\/\/etrechyensembleetsolidaires.fr\/wp-content\/uploads\/2020\/08\/20200823_111935_resized-1152x1536.jpg 1152w, https:\/\/etrechyensembleetsolidaires.fr\/wp-content\/uploads\/2020\/08\/20200823_111935_resized-1536x2048.jpg 1536w, https:\/\/etrechyensembleetsolidaires.fr\/wp-content\/uploads\/2020\/08\/20200823_111935_resized.jpg 1548w\" sizes=\"auto, (max-width: 768px) 100vw, 768px\" \/><\/a><\/figure><\/li><li class=\"blocks-gallery-item\"><figure><a href=\"https:\/\/etrechyensembleetsolidaires.fr\/wp-content\/uploads\/2020\/08\/20200823_111942_resized.jpg\"><img loading=\"lazy\" decoding=\"async\" width=\"768\" height=\"1024\" src=\"https:\/\/etrechyensembleetsolidaires.fr\/wp-content\/uploads\/2020\/08\/20200823_111942_resized-768x1024.jpg\" alt=\"\" data-id=\"2172\" data-full-url=\"https:\/\/etrechyensembleetsolidaires.fr\/wp-content\/uploads\/2020\/08\/20200823_111942_resized.jpg\" data-link=\"https:\/\/etrechyensembleetsolidaires.fr\/?attachment_id=2172\" class=\"wp-image-2172\" srcset=\"https:\/\/etrechyensembleetsolidaires.fr\/wp-content\/uploads\/2020\/08\/20200823_111942_resized-768x1024.jpg 768w, https:\/\/etrechyensembleetsolidaires.fr\/wp-content\/uploads\/2020\/08\/20200823_111942_resized-225x300.jpg 225w, https:\/\/etrechyensembleetsolidaires.fr\/wp-content\/uploads\/2020\/08\/20200823_111942_resized-1152x1536.jpg 1152w, https:\/\/etrechyensembleetsolidaires.fr\/wp-content\/uploads\/2020\/08\/20200823_111942_resized-1536x2048.jpg 1536w, https:\/\/etrechyensembleetsolidaires.fr\/wp-content\/uploads\/2020\/08\/20200823_111942_resized.jpg 1548w\" sizes=\"auto, (max-width: 768px) 100vw, 768px\" \/><\/a><\/figure><\/li><li class=\"blocks-gallery-item\"><figure><a href=\"https:\/\/etrechyensembleetsolidaires.fr\/wp-content\/uploads\/2020\/08\/20200823_112049_resized.jpg\"><img loading=\"lazy\" decoding=\"async\" width=\"768\" height=\"1024\" src=\"https:\/\/etrechyensembleetsolidaires.fr\/wp-content\/uploads\/2020\/08\/20200823_112049_resized-768x1024.jpg\" alt=\"\" data-id=\"2173\" data-full-url=\"https:\/\/etrechyensembleetsolidaires.fr\/wp-content\/uploads\/2020\/08\/20200823_112049_resized.jpg\" data-link=\"https:\/\/etrechyensembleetsolidaires.fr\/?attachment_id=2173\" class=\"wp-image-2173\" srcset=\"https:\/\/etrechyensembleetsolidaires.fr\/wp-content\/uploads\/2020\/08\/20200823_112049_resized-768x1024.jpg 768w, https:\/\/etrechyensembleetsolidaires.fr\/wp-content\/uploads\/2020\/08\/20200823_112049_resized-225x300.jpg 225w, https:\/\/etrechyensembleetsolidaires.fr\/wp-content\/uploads\/2020\/08\/20200823_112049_resized-1152x1536.jpg 1152w, https:\/\/etrechyensembleetsolidaires.fr\/wp-content\/uploads\/2020\/08\/20200823_112049_resized-1536x2048.jpg 1536w, https:\/\/etrechyensembleetsolidaires.fr\/wp-content\/uploads\/2020\/08\/20200823_112049_resized.jpg 1548w\" sizes=\"auto, (max-width: 768px) 100vw, 768px\" \/><\/a><\/figure><\/li><li class=\"blocks-gallery-item\"><figure><a href=\"https:\/\/etrechyensembleetsolidaires.fr\/wp-content\/uploads\/2020\/08\/20200823_112101_resized.jpg\"><img loading=\"lazy\" decoding=\"async\" width=\"768\" height=\"1024\" src=\"https:\/\/etrechyensembleetsolidaires.fr\/wp-content\/uploads\/2020\/08\/20200823_112101_resized-768x1024.jpg\" alt=\"\" data-id=\"2174\" data-full-url=\"https:\/\/etrechyensembleetsolidaires.fr\/wp-content\/uploads\/2020\/08\/20200823_112101_resized.jpg\" data-link=\"https:\/\/etrechyensembleetsolidaires.fr\/?attachment_id=2174\" class=\"wp-image-2174\" srcset=\"https:\/\/etrechyensembleetsolidaires.fr\/wp-content\/uploads\/2020\/08\/20200823_112101_resized-768x1024.jpg 768w, https:\/\/etrechyensembleetsolidaires.fr\/wp-content\/uploads\/2020\/08\/20200823_112101_resized-225x300.jpg 225w, https:\/\/etrechyensembleetsolidaires.fr\/wp-content\/uploads\/2020\/08\/20200823_112101_resized-1152x1536.jpg 1152w, https:\/\/etrechyensembleetsolidaires.fr\/wp-content\/uploads\/2020\/08\/20200823_112101_resized-1536x2048.jpg 1536w, https:\/\/etrechyensembleetsolidaires.fr\/wp-content\/uploads\/2020\/08\/20200823_112101_resized.jpg 1548w\" sizes=\"auto, (max-width: 768px) 100vw, 768px\" \/><\/a><\/figure><\/li><li class=\"blocks-gallery-item\"><figure><a href=\"https:\/\/etrechyensembleetsolidaires.fr\/wp-content\/uploads\/2020\/08\/20200823_112706_resized.jpg\"><img loading=\"lazy\" decoding=\"async\" width=\"768\" height=\"1024\" src=\"https:\/\/etrechyensembleetsolidaires.fr\/wp-content\/uploads\/2020\/08\/20200823_112706_resized-768x1024.jpg\" alt=\"\" data-id=\"2176\" data-full-url=\"https:\/\/etrechyensembleetsolidaires.fr\/wp-content\/uploads\/2020\/08\/20200823_112706_resized.jpg\" data-link=\"https:\/\/etrechyensembleetsolidaires.fr\/?attachment_id=2176\" class=\"wp-image-2176\" srcset=\"https:\/\/etrechyensembleetsolidaires.fr\/wp-content\/uploads\/2020\/08\/20200823_112706_resized-768x1024.jpg 768w, https:\/\/etrechyensembleetsolidaires.fr\/wp-content\/uploads\/2020\/08\/20200823_112706_resized-225x300.jpg 225w, https:\/\/etrechyensembleetsolidaires.fr\/wp-content\/uploads\/2020\/08\/20200823_112706_resized-1152x1536.jpg 1152w, https:\/\/etrechyensembleetsolidaires.fr\/wp-content\/uploads\/2020\/08\/20200823_112706_resized-1536x2048.jpg 1536w, https:\/\/etrechyensembleetsolidaires.fr\/wp-content\/uploads\/2020\/08\/20200823_112706_resized.jpg 1548w\" sizes=\"auto, (max-width: 768px) 100vw, 768px\" \/><\/a><\/figure><\/li><li class=\"blocks-gallery-item\"><figure><a href=\"https:\/\/etrechyensembleetsolidaires.fr\/wp-content\/uploads\/2020\/08\/20200823_113233_resized.jpg\"><img loading=\"lazy\" decoding=\"async\" width=\"768\" height=\"1024\" src=\"https:\/\/etrechyensembleetsolidaires.fr\/wp-content\/uploads\/2020\/08\/20200823_113233_resized-768x1024.jpg\" alt=\"\" data-id=\"2177\" data-full-url=\"https:\/\/etrechyensembleetsolidaires.fr\/wp-content\/uploads\/2020\/08\/20200823_113233_resized.jpg\" data-link=\"https:\/\/etrechyensembleetsolidaires.fr\/?attachment_id=2177\" class=\"wp-image-2177\" srcset=\"https:\/\/etrechyensembleetsolidaires.fr\/wp-content\/uploads\/2020\/08\/20200823_113233_resized-768x1024.jpg 768w, https:\/\/etrechyensembleetsolidaires.fr\/wp-content\/uploads\/2020\/08\/20200823_113233_resized-225x300.jpg 225w, https:\/\/etrechyensembleetsolidaires.fr\/wp-content\/uploads\/2020\/08\/20200823_113233_resized-1152x1536.jpg 1152w, https:\/\/etrechyensembleetsolidaires.fr\/wp-content\/uploads\/2020\/08\/20200823_113233_resized-1536x2048.jpg 1536w, https:\/\/etrechyensembleetsolidaires.fr\/wp-content\/uploads\/2020\/08\/20200823_113233_resized.jpg 1548w\" sizes=\"auto, (max-width: 768px) 100vw, 768px\" \/><\/a><\/figure><\/li><li class=\"blocks-gallery-item\"><figure><a href=\"https:\/\/etrechyensembleetsolidaires.fr\/wp-content\/uploads\/2020\/08\/20200823_113313_resized.jpg\"><img loading=\"lazy\" decoding=\"async\" width=\"768\" height=\"1024\" src=\"https:\/\/etrechyensembleetsolidaires.fr\/wp-content\/uploads\/2020\/08\/20200823_113313_resized-768x1024.jpg\" alt=\"\" data-id=\"2178\" data-full-url=\"https:\/\/etrechyensembleetsolidaires.fr\/wp-content\/uploads\/2020\/08\/20200823_113313_resized.jpg\" data-link=\"https:\/\/etrechyensembleetsolidaires.fr\/?attachment_id=2178\" class=\"wp-image-2178\" srcset=\"https:\/\/etrechyensembleetsolidaires.fr\/wp-content\/uploads\/2020\/08\/20200823_113313_resized-768x1024.jpg 768w, https:\/\/etrechyensembleetsolidaires.fr\/wp-content\/uploads\/2020\/08\/20200823_113313_resized-225x300.jpg 225w, https:\/\/etrechyensembleetsolidaires.fr\/wp-content\/uploads\/2020\/08\/20200823_113313_resized-1152x1536.jpg 1152w, https:\/\/etrechyensembleetsolidaires.fr\/wp-content\/uploads\/2020\/08\/20200823_113313_resized-1536x2048.jpg 1536w, https:\/\/etrechyensembleetsolidaires.fr\/wp-content\/uploads\/2020\/08\/20200823_113313_resized.jpg 1548w\" sizes=\"auto, (max-width: 768px) 100vw, 768px\" \/><\/a><\/figure><\/li><li class=\"blocks-gallery-item\"><figure><a href=\"https:\/\/etrechyensembleetsolidaires.fr\/wp-content\/uploads\/2020\/08\/20200823_113528_resized.jpg\"><img loading=\"lazy\" decoding=\"async\" width=\"768\" height=\"1024\" src=\"https:\/\/etrechyensembleetsolidaires.fr\/wp-content\/uploads\/2020\/08\/20200823_113528_resized-768x1024.jpg\" alt=\"\" data-id=\"2179\" data-full-url=\"https:\/\/etrechyensembleetsolidaires.fr\/wp-content\/uploads\/2020\/08\/20200823_113528_resized.jpg\" data-link=\"https:\/\/etrechyensembleetsolidaires.fr\/?attachment_id=2179\" class=\"wp-image-2179\" srcset=\"https:\/\/etrechyensembleetsolidaires.fr\/wp-content\/uploads\/2020\/08\/20200823_113528_resized-768x1024.jpg 768w, https:\/\/etrechyensembleetsolidaires.fr\/wp-content\/uploads\/2020\/08\/20200823_113528_resized-225x300.jpg 225w, https:\/\/etrechyensembleetsolidaires.fr\/wp-content\/uploads\/2020\/08\/20200823_113528_resized-1152x1536.jpg 1152w, https:\/\/etrechyensembleetsolidaires.fr\/wp-content\/uploads\/2020\/08\/20200823_113528_resized-1536x2048.jpg 1536w, https:\/\/etrechyensembleetsolidaires.fr\/wp-content\/uploads\/2020\/08\/20200823_113528_resized.jpg 1548w\" sizes=\"auto, (max-width: 768px) 100vw, 768px\" \/><\/a><\/figure><\/li><\/ul><\/figure>\n\n\n\n<p>L\u2019association \u00ab&nbsp;Etrechy et son pass\u00e9&nbsp;\u00bb a fait paraitre un recueil sur la p\u00e9riode. Vous pourrez le trouver sur leur stand au forum des associations, et si vous \u00eates press\u00e9s de l&rsquo;obtenir, vous le trouverez \u00e0 la boutique \u00ab\u00a0Douceur Fleurie\u00a0\u00bb.<\/p>\n\n\n\n<p>Nous avons une pens\u00e9e toute particuli\u00e8re pour Tom Cundiff  (bas\u00e9 pendant 16 mois au ch\u00e2teau de Gravelle) .<\/p>\n\n\n\n<div class=\"wp-block-image\"><figure class=\"aligncenter size-large\"><img loading=\"lazy\" decoding=\"async\" width=\"252\" height=\"266\" src=\"https:\/\/etrechyensembleetsolidaires.fr\/wp-content\/uploads\/2020\/08\/Capture-d\u2019e\u0301cran-2020-08-24-a\u0300-10.31.39.png\" alt=\"\" class=\"wp-image-2182\"\/><\/figure><\/div>\n\n\n\n<p><\/p>\n","protected":false},"excerpt":{"rendered":"<p>Premi\u00e8re comm\u00e9moration vue sous l\u2019angle de votre \u00e9lue&nbsp;: Comm\u00e9moration vue sous l\u2019angle de votre \u00e9lue&nbsp;: &nbsp;Beaucoup d\u2019\u00e9motion \u00e0 l\u2019\u00e9coute des [&hellip;]<\/p>\n","protected":false},"author":4,"featured_media":2185,"comment_status":"open","ping_status":"open","sticky":false,"template":"","format":"standard","meta":{"footnotes":""},"categories":[14,17,15],"tags":[],"class_list":["post-2165","post","type-post","status-publish","format-standard","has-post-thumbnail","hentry","category-citoyennete","category-gastronomie-culture-et-patrimoine","category-solidarite-et-civisme"],"_links":{"self":[{"href":"https:\/\/etrechyensembleetsolidaires.fr\/index.php\/wp-json\/wp\/v2\/posts\/2165","targetHints":{"allow":["GET"]}}],"collection":[{"href":"https:\/\/etrechyensembleetsolidaires.fr\/index.php\/wp-json\/wp\/v2\/posts"}],"about":[{"href":"https:\/\/etrechyensembleetsolidaires.fr\/index.php\/wp-json\/wp\/v2\/types\/post"}],"author":[{"embeddable":true,"href":"https:\/\/etrechyensembleetsolidaires.fr\/index.php\/wp-json\/wp\/v2\/users\/4"}],"replies":[{"embeddable":true,"href":"https:\/\/etrechyensembleetsolidaires.fr\/index.php\/wp-json\/wp\/v2\/comments?post=2165"}],"version-history":[{"count":7,"href":"https:\/\/etrechyensembleetsolidaires.fr\/index.php\/wp-json\/wp\/v2\/posts\/2165\/revisions"}],"predecessor-version":[{"id":2186,"href":"https:\/\/etrechyensembleetsolidaires.fr\/index.php\/wp-json\/wp\/v2\/posts\/2165\/revisions\/2186"}],"wp:featuredmedia":[{"embeddable":true,"href":"https:\/\/etrechyensembleetsolidaires.fr\/index.php\/wp-json\/wp\/v2\/media\/2185"}],"wp:attachment":[{"href":"https:\/\/etrechyensembleetsolidaires.fr\/index.php\/wp-json\/wp\/v2\/media?parent=2165"}],"wp:term":[{"taxonomy":"category","embeddable":true,"href":"https:\/\/etrechyensembleetsolidaires.fr\/index.php\/wp-json\/wp\/v2\/categories?post=2165"},{"taxonomy":"post_tag","embeddable":true,"href":"https:\/\/etrechyensembleetsolidaires.fr\/index.php\/wp-json\/wp\/v2\/tags?post=2165"}],"curies":[{"name":"wp","href":"https:\/\/api.w.org\/{rel}","templated":true}]}}