{"id":10006,"date":"2025-04-04T10:48:47","date_gmt":"2025-04-04T08:48:47","guid":{"rendered":"https:\/\/etrechyensembleetsolidaires.fr\/?p=10006"},"modified":"2025-10-03T19:08:54","modified_gmt":"2025-10-03T17:08:54","slug":"un-moment-pour-lautisme-une-place-pour-lautiste","status":"publish","type":"post","link":"https:\/\/etrechyensembleetsolidaires.fr\/index.php\/2025\/04\/04\/un-moment-pour-lautisme-une-place-pour-lautiste\/","title":{"rendered":"Un moment pour l&rsquo;autisme, une place pour l&rsquo;autiste"},"content":{"rendered":"\n<p>Il n\u2019existe pas vraiment de conseils pour aider les autistes dans la vie de tous les jours. L\u2019un des couples de notre association a un enfant autiste et il sait combien l\u2019inclusion est un sujet de pr\u00e9occupation de tous les jours. Les fameux \u00ab&nbsp;codes&nbsp;\u00bb sont une qu\u00eate du Graal permanente. C\u2019est pourquoi, il est bon de conna\u00eetre certains aspects importants de l&rsquo;autisme et tous les d\u00e9fis rencontr\u00e9s par les personnes autistes :<\/p>\n\n\n\n<ul class=\"wp-block-list\">\n<li>L\u2019exp\u00e9rience nous a fait retenir qu\u2019il est plus agr\u00e9able pour la personne autiste de parler de singularit\u00e9 plut\u00f4t que de handicap.\u00a0<\/li>\n\n\n\n<li>Tr\u00e8s souvent l&rsquo;autisme se manifeste par des <strong>troubles du langage et de la communication<\/strong>, il est vraiment bon d&rsquo;adopter une communication claire, concise et sans ambigu\u00eft\u00e9. Il peut \u00eatre utile d&rsquo;utiliser des supports visuels pour faciliter la compr\u00e9hension.<\/li>\n\n\n\n<li>Les <strong>difficult\u00e9s relationnelles<\/strong> peuvent entra\u00eener des comportements inadapt\u00e9s dans certaines situations. Il est crucial de faire preuve de <strong>patience et de compr\u00e9hension<\/strong> face \u00e0 ces comportements.<\/li>\n\n\n\n<li>Parfois un sentiment de honte arrive dans la famille qui essaye d\u2019ouvrir le monde exterieur \u00e0 son enfant, cette culpabilit\u00e9 est difficile \u00e0 surmonter. La bienveillance du monde ext\u00e9rieur est une des cl\u00e9s de r\u00e9ussite. Le regard de l\u2019autre est pr\u00e9sent en permanence et le jugement n\u2019est pas toujours loin alors qu\u2019une attitude compr\u00e9hensive permettrait \u00e0 toute la famille de continuer \u00e0 grandir ensemble.<\/li>\n\n\n\n<li>La pr\u00e9sence de <strong>comportements et gestes r\u00e9p\u00e9titifs<\/strong> est une des caract\u00e9ristiques de cette singularit\u00e9. Il est important de respecter ces comportements, sauf s&rsquo;ils sont dangereux pour la personne ou son entourage. Comprendre la fonction de ces comportements pour la personne peut \u00eatre utile et ce sont les \u00ab\u00a0codes\u00a0\u00bb que nous avons \u00e0 comprendre<\/li>\n\n\n\n<li>On parle souvent de la <strong>sensibilisation<\/strong> au trouble du spectre de l&rsquo;autisme (TSA). Plus le grand public est inform\u00e9 et comprend les sp\u00e9cificit\u00e9s de l&rsquo;autisme, plus l&rsquo;inclusion des personnes autistes dans la soci\u00e9t\u00e9 sera facilit\u00e9e. Etr\u00e9chy Ensemble et Solidaires se souvient de ces <strong>caf\u00e9s du mercredi au SAVI pr\u00e8s de la gare<\/strong>. Cette magnifique d\u00e9marche d\u2019inclusion n\u2019a sans doute pas eu le franc succ\u00e8s qu\u2019elle m\u00e9ritait mais la pers\u00e9v\u00e9rance paiera un jour.\u00a0<\/li>\n\n\n\n<li>Les caract\u00e9ristiques de l&rsquo;autisme <strong>varient \u00e9norm\u00e9ment d\u2019une personne \u00e0 l\u2019autre<\/strong>. Par cons\u00e9quent, il est essentiel d&rsquo;adopter une approche individualis\u00e9e et d&rsquo;\u00eatre attentif aux besoins sp\u00e9cifiques de chaque personne autiste. Ce qui fonctionne pour une personne peut ne pas fonctionner pour une autre.<\/li>\n\n\n\n<li>Il existe des structures d&rsquo;information et d&rsquo;accompagnement telles qu&rsquo;<strong><a href=\"https:\/\/www.autismeinfoservice.fr\/\">Autisme Info Service<\/a><\/strong> et <strong><a href=\"https:\/\/maisondelautisme.gouv.fr\/la-maison-de-l-autisme\/\">La Maison de l&rsquo;autisme<\/a><\/strong> (il vous suffit de cliquer sur l&rsquo;un de ces liens). Ces ressources peuvent offrir des conseils plus sp\u00e9cifiques et adapt\u00e9s aux situations individuelles. N&rsquo;h\u00e9sitez pas \u00e0 consulter leurs sites web ou \u00e0 les contacter par t\u00e9l\u00e9phone ou par mail pour obtenir des informations et un accompagnement personnalis\u00e9.<\/li>\n<\/ul>\n\n\n\n<p>En r\u00e9sum\u00e9 il est important de privil\u00e9gier la <strong>clart\u00e9 dans la communication<\/strong>, la <strong>patience et\u00a0 la compr\u00e9hension face aux comportements<\/strong>, le <strong>respect des particularit\u00e9s<\/strong>. Nous pensons m\u00eame qu \u2018apprendre \u00e0 communiquer avec l\u2019autiste est une richesse tout comme l\u2019apprentissage d\u2019une langue, d\u2019un langage informatique.\u00a0<\/p>\n","protected":false},"excerpt":{"rendered":"<p>Il n\u2019existe pas vraiment de conseils pour aider les autistes dans la vie de tous les jours. L\u2019un des couples [&hellip;]<\/p>\n","protected":false},"author":2,"featured_media":10007,"comment_status":"open","ping_status":"open","sticky":false,"template":"","format":"standard","meta":{"footnotes":""},"categories":[14],"tags":[],"class_list":["post-10006","post","type-post","status-publish","format-standard","has-post-thumbnail","hentry","category-citoyennete"],"_links":{"self":[{"href":"https:\/\/etrechyensembleetsolidaires.fr\/index.php\/wp-json\/wp\/v2\/posts\/10006","targetHints":{"allow":["GET"]}}],"collection":[{"href":"https:\/\/etrechyensembleetsolidaires.fr\/index.php\/wp-json\/wp\/v2\/posts"}],"about":[{"href":"https:\/\/etrechyensembleetsolidaires.fr\/index.php\/wp-json\/wp\/v2\/types\/post"}],"author":[{"embeddable":true,"href":"https:\/\/etrechyensembleetsolidaires.fr\/index.php\/wp-json\/wp\/v2\/users\/2"}],"replies":[{"embeddable":true,"href":"https:\/\/etrechyensembleetsolidaires.fr\/index.php\/wp-json\/wp\/v2\/comments?post=10006"}],"version-history":[{"count":2,"href":"https:\/\/etrechyensembleetsolidaires.fr\/index.php\/wp-json\/wp\/v2\/posts\/10006\/revisions"}],"predecessor-version":[{"id":10009,"href":"https:\/\/etrechyensembleetsolidaires.fr\/index.php\/wp-json\/wp\/v2\/posts\/10006\/revisions\/10009"}],"wp:featuredmedia":[{"embeddable":true,"href":"https:\/\/etrechyensembleetsolidaires.fr\/index.php\/wp-json\/wp\/v2\/media\/10007"}],"wp:attachment":[{"href":"https:\/\/etrechyensembleetsolidaires.fr\/index.php\/wp-json\/wp\/v2\/media?parent=10006"}],"wp:term":[{"taxonomy":"category","embeddable":true,"href":"https:\/\/etrechyensembleetsolidaires.fr\/index.php\/wp-json\/wp\/v2\/categories?post=10006"},{"taxonomy":"post_tag","embeddable":true,"href":"https:\/\/etrechyensembleetsolidaires.fr\/index.php\/wp-json\/wp\/v2\/tags?post=10006"}],"curies":[{"name":"wp","href":"https:\/\/api.w.org\/{rel}","templated":true}]}}